{"id":8466,"date":"2021-05-05T14:53:51","date_gmt":"2021-05-05T12:53:51","guid":{"rendered":"https:\/\/www.overseas-association.eu\/?p=8466"},"modified":"2021-05-05T14:54:19","modified_gmt":"2021-05-05T12:54:19","slug":"projet-de-rapport-du-parlement-europeen-sur-larctique-perspectives-problematiques-et-enjeux-de-securite","status":"publish","type":"post","link":"https:\/\/www.overseas-association.eu\/fr\/projet-de-rapport-du-parlement-europeen-sur-larctique-perspectives-problematiques-et-enjeux-de-securite\/","title":{"rendered":"Projet de rapport du Parlement europ\u00e9en sur l\u2019Arctique : perspectives, probl\u00e9matiques et enjeux de s\u00e9curit\u00e9"},"content":{"rendered":"<p style=\"text-align: justify;\">La <span dir=\"ltr\">Commission des affaires \u00e9trang\u00e8res<\/span> (AFET) du Parlement europ\u00e9en a publi\u00e9 un projet de rapport <span dir=\"ltr\">sur l\u2019Arctique: perspectives, probl\u00e9matiques et enjeux de s\u00e9curit\u00e9 &#8211; avec Mme\u00a0Anna Fotyga pour rapporteur.<\/span><\/p>\n<p style=\"text-align: justify;\">Le rapport souligne notamment que \u00ab\u00a0<span dir=\"ltr\">l\u2019Arctique joue un r\u00f4le essentiel dans le maintien de l\u2019\u00e9quilibre <\/span><span dir=\"ltr\">environnemental de la plan\u00e8te\u00a0\u00bb et \u00ab\u00a0l\u2019importance de l\u2019Arctique pour la s\u00e9curit\u00e9 \u00e9nerg\u00e9tique de l\u2019Union europ\u00e9enne\u00a0\u00bb.<\/span><\/p>\n<p>Pour plus d&rsquo;informations :<\/p>\n<ul>\n<li><a href=\"https:\/\/www.europarl.europa.eu\/doceo\/document\/AFET-PR-680907_FR.pdf\">Le rapport<\/a><\/li>\n<li><a href=\"https:\/\/oeil.secure.europarl.europa.eu\/oeil\/popups\/ficheprocedure.do?lang=en&amp;reference=2020\/2112(INI)\">La proc\u00e9dure<\/a><\/li>\n<\/ul>\n","protected":false},"excerpt":{"rendered":"<p>La Commission des affaires \u00e9trang\u00e8res (AFET) du Parlement europ\u00e9en a publi\u00e9 un projet de rapport sur l\u2019Arctique: perspectives, probl\u00e9matiques et enjeux de s\u00e9curit\u00e9 &#8211; avec Mme\u00a0Anna Fotyga pour rapporteur. Le rapport souligne notamment que \u00ab\u00a0l\u2019Arctique joue un r\u00f4le essentiel dans le maintien de l\u2019\u00e9quilibre environnemental de la plan\u00e8te\u00a0\u00bb et \u00ab\u00a0l\u2019importance de l\u2019Arctique pour la s\u00e9curit\u00e9 [&hellip;]<\/p>\n","protected":false},"author":5,"featured_media":8483,"comment_status":"closed","ping_status":"closed","sticky":false,"template":"","format":"standard","meta":{"_acf_changed":false,"footnotes":""},"categories":[239],"tags":[],"event_type":[],"class_list":["post-8466","post","type-post","status-publish","format-standard","has-post-thumbnail","hentry","category-news"],"acf":[],"yoast_head":"<!-- This site is optimized with the Yoast SEO plugin v27.5 - https:\/\/yoast.com\/product\/yoast-seo-wordpress\/ -->\n<title>Projet de rapport du Parlement europ\u00e9en sur l\u2019Arctique : perspectives, probl\u00e9matiques et enjeux de s\u00e9curit\u00e9 - OCTA<\/title>\n<meta name=\"robots\" content=\"index, follow, max-snippet:-1, max-image-preview:large, max-video-preview:-1\" \/>\n<link rel=\"canonical\" href=\"https:\/\/www.overseas-association.eu\/fr\/projet-de-rapport-du-parlement-europeen-sur-larctique-perspectives-problematiques-et-enjeux-de-securite\/\" \/>\n<meta property=\"og:locale\" content=\"fr_FR\" \/>\n<meta property=\"og:type\" content=\"article\" \/>\n<meta property=\"og:title\" content=\"Projet de rapport du Parlement europ\u00e9en sur l\u2019Arctique : perspectives, probl\u00e9matiques et enjeux de s\u00e9curit\u00e9 - OCTA\" \/>\n<meta property=\"og:description\" content=\"La Commission des affaires \u00e9trang\u00e8res (AFET) du Parlement europ\u00e9en a publi\u00e9 un projet de rapport sur l\u2019Arctique: perspectives, probl\u00e9matiques et enjeux de s\u00e9curit\u00e9 &#8211; avec Mme\u00a0Anna Fotyga pour rapporteur. Le rapport souligne notamment que \u00ab\u00a0l\u2019Arctique joue un r\u00f4le essentiel dans le maintien de l\u2019\u00e9quilibre environnemental de la plan\u00e8te\u00a0\u00bb et \u00ab\u00a0l\u2019importance de l\u2019Arctique pour la s\u00e9curit\u00e9 [&hellip;]\" \/>\n<meta property=\"og:url\" content=\"https:\/\/www.overseas-association.eu\/fr\/projet-de-rapport-du-parlement-europeen-sur-larctique-perspectives-problematiques-et-enjeux-de-securite\/\" \/>\n<meta property=\"og:site_name\" content=\"OCTA\" \/>\n<meta property=\"article:published_time\" content=\"2021-05-05T12:53:51+00:00\" \/>\n<meta property=\"article:modified_time\" content=\"2021-05-05T12:54:19+00:00\" \/>\n<meta property=\"og:image\" content=\"https:\/\/www.overseas-association.eu\/content\/uploads\/2021\/05\/News-PE.-Articque.png\" \/>\n\t<meta property=\"og:image:width\" content=\"1747\" \/>\n\t<meta property=\"og:image:height\" content=\"1240\" \/>\n\t<meta property=\"og:image:type\" content=\"image\/png\" \/>\n<meta name=\"author\" content=\"Marta Fern\u00e1ndez Fornieles\" \/>\n<meta name=\"twitter:card\" content=\"summary_large_image\" \/>\n<meta name=\"twitter:label1\" content=\"\u00c9crit par\" \/>\n\t<meta name=\"twitter:data1\" content=\"Marta Fern\u00e1ndez Fornieles\" \/>\n\t<meta name=\"twitter:label2\" content=\"Dur\u00e9e de lecture estim\u00e9e\" \/>\n\t<meta name=\"twitter:data2\" content=\"1 minute\" \/>\n<script type=\"application\/ld+json\" class=\"yoast-schema-graph\">{\"@context\":\"https:\\\/\\\/schema.org\",\"@graph\":[{\"@type\":\"Article\",\"@id\":\"https:\\\/\\\/www.overseas-association.eu\\\/fr\\\/projet-de-rapport-du-parlement-europeen-sur-larctique-perspectives-problematiques-et-enjeux-de-securite\\\/#article\",\"isPartOf\":{\"@id\":\"https:\\\/\\\/www.overseas-association.eu\\\/fr\\\/projet-de-rapport-du-parlement-europeen-sur-larctique-perspectives-problematiques-et-enjeux-de-securite\\\/\"},\"author\":{\"name\":\"Marta Fern\u00e1ndez Fornieles\",\"@id\":\"https:\\\/\\\/www.overseas-association.eu\\\/fr\\\/#\\\/schema\\\/person\\\/ba93d459c87253e3c8a3dd21e4e00c00\"},\"headline\":\"Projet de rapport du Parlement europ\u00e9en sur l\u2019Arctique : perspectives, probl\u00e9matiques et enjeux de s\u00e9curit\u00e9\",\"datePublished\":\"2021-05-05T12:53:51+00:00\",\"dateModified\":\"2021-05-05T12:54:19+00:00\",\"mainEntityOfPage\":{\"@id\":\"https:\\\/\\\/www.overseas-association.eu\\\/fr\\\/projet-de-rapport-du-parlement-europeen-sur-larctique-perspectives-problematiques-et-enjeux-de-securite\\\/\"},\"wordCount\":102,\"publisher\":{\"@id\":\"https:\\\/\\\/www.overseas-association.eu\\\/fr\\\/#organization\"},\"image\":{\"@id\":\"https:\\\/\\\/www.overseas-association.eu\\\/fr\\\/projet-de-rapport-du-parlement-europeen-sur-larctique-perspectives-problematiques-et-enjeux-de-securite\\\/#primaryimage\"},\"thumbnailUrl\":\"https:\\\/\\\/www.overseas-association.eu\\\/content\\\/uploads\\\/2021\\\/05\\\/News-PE.-Articque.png\",\"articleSection\":[\"ACTUALITE\"],\"inLanguage\":\"fr-FR\"},{\"@type\":\"WebPage\",\"@id\":\"https:\\\/\\\/www.overseas-association.eu\\\/fr\\\/projet-de-rapport-du-parlement-europeen-sur-larctique-perspectives-problematiques-et-enjeux-de-securite\\\/\",\"url\":\"https:\\\/\\\/www.overseas-association.eu\\\/fr\\\/projet-de-rapport-du-parlement-europeen-sur-larctique-perspectives-problematiques-et-enjeux-de-securite\\\/\",\"name\":\"Projet de rapport du Parlement europ\u00e9en sur l\u2019Arctique : perspectives, probl\u00e9matiques et enjeux de s\u00e9curit\u00e9 - OCTA\",\"isPartOf\":{\"@id\":\"https:\\\/\\\/www.overseas-association.eu\\\/fr\\\/#website\"},\"primaryImageOfPage\":{\"@id\":\"https:\\\/\\\/www.overseas-association.eu\\\/fr\\\/projet-de-rapport-du-parlement-europeen-sur-larctique-perspectives-problematiques-et-enjeux-de-securite\\\/#primaryimage\"},\"image\":{\"@id\":\"https:\\\/\\\/www.overseas-association.eu\\\/fr\\\/projet-de-rapport-du-parlement-europeen-sur-larctique-perspectives-problematiques-et-enjeux-de-securite\\\/#primaryimage\"},\"thumbnailUrl\":\"https:\\\/\\\/www.overseas-association.eu\\\/content\\\/uploads\\\/2021\\\/05\\\/News-PE.-Articque.png\",\"datePublished\":\"2021-05-05T12:53:51+00:00\",\"dateModified\":\"2021-05-05T12:54:19+00:00\",\"breadcrumb\":{\"@id\":\"https:\\\/\\\/www.overseas-association.eu\\\/fr\\\/projet-de-rapport-du-parlement-europeen-sur-larctique-perspectives-problematiques-et-enjeux-de-securite\\\/#breadcrumb\"},\"inLanguage\":\"fr-FR\",\"potentialAction\":[{\"@type\":\"ReadAction\",\"target\":[\"https:\\\/\\\/www.overseas-association.eu\\\/fr\\\/projet-de-rapport-du-parlement-europeen-sur-larctique-perspectives-problematiques-et-enjeux-de-securite\\\/\"]}]},{\"@type\":\"ImageObject\",\"inLanguage\":\"fr-FR\",\"@id\":\"https:\\\/\\\/www.overseas-association.eu\\\/fr\\\/projet-de-rapport-du-parlement-europeen-sur-larctique-perspectives-problematiques-et-enjeux-de-securite\\\/#primaryimage\",\"url\":\"https:\\\/\\\/www.overseas-association.eu\\\/content\\\/uploads\\\/2021\\\/05\\\/News-PE.-Articque.png\",\"contentUrl\":\"https:\\\/\\\/www.overseas-association.eu\\\/content\\\/uploads\\\/2021\\\/05\\\/News-PE.-Articque.png\",\"width\":1747,\"height\":1240},{\"@type\":\"BreadcrumbList\",\"@id\":\"https:\\\/\\\/www.overseas-association.eu\\\/fr\\\/projet-de-rapport-du-parlement-europeen-sur-larctique-perspectives-problematiques-et-enjeux-de-securite\\\/#breadcrumb\",\"itemListElement\":[{\"@type\":\"ListItem\",\"position\":1,\"name\":\"Home\",\"item\":\"https:\\\/\\\/www.overseas-association.eu\\\/fr\\\/\"},{\"@type\":\"ListItem\",\"position\":2,\"name\":\"Projet de rapport du Parlement europ\u00e9en sur l\u2019Arctique : perspectives, probl\u00e9matiques et enjeux de s\u00e9curit\u00e9\"}]},{\"@type\":\"WebSite\",\"@id\":\"https:\\\/\\\/www.overseas-association.eu\\\/fr\\\/#website\",\"url\":\"https:\\\/\\\/www.overseas-association.eu\\\/fr\\\/\",\"name\":\"OCTA\",\"description\":\"Overseas Countries and Territories Association\",\"publisher\":{\"@id\":\"https:\\\/\\\/www.overseas-association.eu\\\/fr\\\/#organization\"},\"potentialAction\":[{\"@type\":\"SearchAction\",\"target\":{\"@type\":\"EntryPoint\",\"urlTemplate\":\"https:\\\/\\\/www.overseas-association.eu\\\/fr\\\/?s={search_term_string}\"},\"query-input\":{\"@type\":\"PropertyValueSpecification\",\"valueRequired\":true,\"valueName\":\"search_term_string\"}}],\"inLanguage\":\"fr-FR\"},{\"@type\":\"Organization\",\"@id\":\"https:\\\/\\\/www.overseas-association.eu\\\/fr\\\/#organization\",\"name\":\"Overseas Countries and Territories Association\",\"url\":\"https:\\\/\\\/www.overseas-association.eu\\\/fr\\\/\",\"logo\":{\"@type\":\"ImageObject\",\"inLanguage\":\"fr-FR\",\"@id\":\"https:\\\/\\\/www.overseas-association.eu\\\/fr\\\/#\\\/schema\\\/logo\\\/image\\\/\",\"url\":\"https:\\\/\\\/www.overseas-association.eu\\\/content\\\/uploads\\\/2021\\\/03\\\/logo.png\",\"contentUrl\":\"https:\\\/\\\/www.overseas-association.eu\\\/content\\\/uploads\\\/2021\\\/03\\\/logo.png\",\"width\":316,\"height\":134,\"caption\":\"Overseas Countries and Territories Association\"},\"image\":{\"@id\":\"https:\\\/\\\/www.overseas-association.eu\\\/fr\\\/#\\\/schema\\\/logo\\\/image\\\/\"}},{\"@type\":\"Person\",\"@id\":\"https:\\\/\\\/www.overseas-association.eu\\\/fr\\\/#\\\/schema\\\/person\\\/ba93d459c87253e3c8a3dd21e4e00c00\",\"name\":\"Marta Fern\u00e1ndez Fornieles\",\"url\":\"https:\\\/\\\/www.overseas-association.eu\\\/fr\\\/author\\\/marta_octa\\\/\"}]}<\/script>\n<!-- \/ Yoast SEO plugin. -->","yoast_head_json":{"title":"Projet de rapport du Parlement europ\u00e9en sur l\u2019Arctique : perspectives, probl\u00e9matiques et enjeux de s\u00e9curit\u00e9 - OCTA","robots":{"index":"index","follow":"follow","max-snippet":"max-snippet:-1","max-image-preview":"max-image-preview:large","max-video-preview":"max-video-preview:-1"},"canonical":"https:\/\/www.overseas-association.eu\/fr\/projet-de-rapport-du-parlement-europeen-sur-larctique-perspectives-problematiques-et-enjeux-de-securite\/","og_locale":"fr_FR","og_type":"article","og_title":"Projet de rapport du Parlement europ\u00e9en sur l\u2019Arctique : perspectives, probl\u00e9matiques et enjeux de s\u00e9curit\u00e9 - OCTA","og_description":"La Commission des affaires \u00e9trang\u00e8res (AFET) du Parlement europ\u00e9en a publi\u00e9 un projet de rapport sur l\u2019Arctique: perspectives, probl\u00e9matiques et enjeux de s\u00e9curit\u00e9 &#8211; avec Mme\u00a0Anna Fotyga pour rapporteur. Le rapport souligne notamment que \u00ab\u00a0l\u2019Arctique joue un r\u00f4le essentiel dans le maintien de l\u2019\u00e9quilibre environnemental de la plan\u00e8te\u00a0\u00bb et \u00ab\u00a0l\u2019importance de l\u2019Arctique pour la s\u00e9curit\u00e9 [&hellip;]","og_url":"https:\/\/www.overseas-association.eu\/fr\/projet-de-rapport-du-parlement-europeen-sur-larctique-perspectives-problematiques-et-enjeux-de-securite\/","og_site_name":"OCTA","article_published_time":"2021-05-05T12:53:51+00:00","article_modified_time":"2021-05-05T12:54:19+00:00","og_image":[{"width":1747,"height":1240,"url":"https:\/\/www.overseas-association.eu\/content\/uploads\/2021\/05\/News-PE.-Articque.png","type":"image\/png"}],"author":"Marta Fern\u00e1ndez Fornieles","twitter_card":"summary_large_image","twitter_misc":{"\u00c9crit par":"Marta Fern\u00e1ndez Fornieles","Dur\u00e9e de lecture estim\u00e9e":"1 minute"},"schema":{"@context":"https:\/\/schema.org","@graph":[{"@type":"Article","@id":"https:\/\/www.overseas-association.eu\/fr\/projet-de-rapport-du-parlement-europeen-sur-larctique-perspectives-problematiques-et-enjeux-de-securite\/#article","isPartOf":{"@id":"https:\/\/www.overseas-association.eu\/fr\/projet-de-rapport-du-parlement-europeen-sur-larctique-perspectives-problematiques-et-enjeux-de-securite\/"},"author":{"name":"Marta Fern\u00e1ndez Fornieles","@id":"https:\/\/www.overseas-association.eu\/fr\/#\/schema\/person\/ba93d459c87253e3c8a3dd21e4e00c00"},"headline":"Projet de rapport du Parlement europ\u00e9en sur l\u2019Arctique : perspectives, probl\u00e9matiques et enjeux de s\u00e9curit\u00e9","datePublished":"2021-05-05T12:53:51+00:00","dateModified":"2021-05-05T12:54:19+00:00","mainEntityOfPage":{"@id":"https:\/\/www.overseas-association.eu\/fr\/projet-de-rapport-du-parlement-europeen-sur-larctique-perspectives-problematiques-et-enjeux-de-securite\/"},"wordCount":102,"publisher":{"@id":"https:\/\/www.overseas-association.eu\/fr\/#organization"},"image":{"@id":"https:\/\/www.overseas-association.eu\/fr\/projet-de-rapport-du-parlement-europeen-sur-larctique-perspectives-problematiques-et-enjeux-de-securite\/#primaryimage"},"thumbnailUrl":"https:\/\/www.overseas-association.eu\/content\/uploads\/2021\/05\/News-PE.-Articque.png","articleSection":["ACTUALITE"],"inLanguage":"fr-FR"},{"@type":"WebPage","@id":"https:\/\/www.overseas-association.eu\/fr\/projet-de-rapport-du-parlement-europeen-sur-larctique-perspectives-problematiques-et-enjeux-de-securite\/","url":"https:\/\/www.overseas-association.eu\/fr\/projet-de-rapport-du-parlement-europeen-sur-larctique-perspectives-problematiques-et-enjeux-de-securite\/","name":"Projet de rapport du Parlement europ\u00e9en sur l\u2019Arctique : perspectives, probl\u00e9matiques et enjeux de s\u00e9curit\u00e9 - OCTA","isPartOf":{"@id":"https:\/\/www.overseas-association.eu\/fr\/#website"},"primaryImageOfPage":{"@id":"https:\/\/www.overseas-association.eu\/fr\/projet-de-rapport-du-parlement-europeen-sur-larctique-perspectives-problematiques-et-enjeux-de-securite\/#primaryimage"},"image":{"@id":"https:\/\/www.overseas-association.eu\/fr\/projet-de-rapport-du-parlement-europeen-sur-larctique-perspectives-problematiques-et-enjeux-de-securite\/#primaryimage"},"thumbnailUrl":"https:\/\/www.overseas-association.eu\/content\/uploads\/2021\/05\/News-PE.-Articque.png","datePublished":"2021-05-05T12:53:51+00:00","dateModified":"2021-05-05T12:54:19+00:00","breadcrumb":{"@id":"https:\/\/www.overseas-association.eu\/fr\/projet-de-rapport-du-parlement-europeen-sur-larctique-perspectives-problematiques-et-enjeux-de-securite\/#breadcrumb"},"inLanguage":"fr-FR","potentialAction":[{"@type":"ReadAction","target":["https:\/\/www.overseas-association.eu\/fr\/projet-de-rapport-du-parlement-europeen-sur-larctique-perspectives-problematiques-et-enjeux-de-securite\/"]}]},{"@type":"ImageObject","inLanguage":"fr-FR","@id":"https:\/\/www.overseas-association.eu\/fr\/projet-de-rapport-du-parlement-europeen-sur-larctique-perspectives-problematiques-et-enjeux-de-securite\/#primaryimage","url":"https:\/\/www.overseas-association.eu\/content\/uploads\/2021\/05\/News-PE.-Articque.png","contentUrl":"https:\/\/www.overseas-association.eu\/content\/uploads\/2021\/05\/News-PE.-Articque.png","width":1747,"height":1240},{"@type":"BreadcrumbList","@id":"https:\/\/www.overseas-association.eu\/fr\/projet-de-rapport-du-parlement-europeen-sur-larctique-perspectives-problematiques-et-enjeux-de-securite\/#breadcrumb","itemListElement":[{"@type":"ListItem","position":1,"name":"Home","item":"https:\/\/www.overseas-association.eu\/fr\/"},{"@type":"ListItem","position":2,"name":"Projet de rapport du Parlement europ\u00e9en sur l\u2019Arctique : perspectives, probl\u00e9matiques et enjeux de s\u00e9curit\u00e9"}]},{"@type":"WebSite","@id":"https:\/\/www.overseas-association.eu\/fr\/#website","url":"https:\/\/www.overseas-association.eu\/fr\/","name":"OCTA","description":"Overseas Countries and Territories Association","publisher":{"@id":"https:\/\/www.overseas-association.eu\/fr\/#organization"},"potentialAction":[{"@type":"SearchAction","target":{"@type":"EntryPoint","urlTemplate":"https:\/\/www.overseas-association.eu\/fr\/?s={search_term_string}"},"query-input":{"@type":"PropertyValueSpecification","valueRequired":true,"valueName":"search_term_string"}}],"inLanguage":"fr-FR"},{"@type":"Organization","@id":"https:\/\/www.overseas-association.eu\/fr\/#organization","name":"Overseas Countries and Territories Association","url":"https:\/\/www.overseas-association.eu\/fr\/","logo":{"@type":"ImageObject","inLanguage":"fr-FR","@id":"https:\/\/www.overseas-association.eu\/fr\/#\/schema\/logo\/image\/","url":"https:\/\/www.overseas-association.eu\/content\/uploads\/2021\/03\/logo.png","contentUrl":"https:\/\/www.overseas-association.eu\/content\/uploads\/2021\/03\/logo.png","width":316,"height":134,"caption":"Overseas Countries and Territories Association"},"image":{"@id":"https:\/\/www.overseas-association.eu\/fr\/#\/schema\/logo\/image\/"}},{"@type":"Person","@id":"https:\/\/www.overseas-association.eu\/fr\/#\/schema\/person\/ba93d459c87253e3c8a3dd21e4e00c00","name":"Marta Fern\u00e1ndez Fornieles","url":"https:\/\/www.overseas-association.eu\/fr\/author\/marta_octa\/"}]}},"_links":{"self":[{"href":"https:\/\/www.overseas-association.eu\/fr\/wp-json\/wp\/v2\/posts\/8466","targetHints":{"allow":["GET"]}}],"collection":[{"href":"https:\/\/www.overseas-association.eu\/fr\/wp-json\/wp\/v2\/posts"}],"about":[{"href":"https:\/\/www.overseas-association.eu\/fr\/wp-json\/wp\/v2\/types\/post"}],"author":[{"embeddable":true,"href":"https:\/\/www.overseas-association.eu\/fr\/wp-json\/wp\/v2\/users\/5"}],"replies":[{"embeddable":true,"href":"https:\/\/www.overseas-association.eu\/fr\/wp-json\/wp\/v2\/comments?post=8466"}],"version-history":[{"count":0,"href":"https:\/\/www.overseas-association.eu\/fr\/wp-json\/wp\/v2\/posts\/8466\/revisions"}],"wp:featuredmedia":[{"embeddable":true,"href":"https:\/\/www.overseas-association.eu\/fr\/wp-json\/wp\/v2\/media\/8483"}],"wp:attachment":[{"href":"https:\/\/www.overseas-association.eu\/fr\/wp-json\/wp\/v2\/media?parent=8466"}],"wp:term":[{"taxonomy":"category","embeddable":true,"href":"https:\/\/www.overseas-association.eu\/fr\/wp-json\/wp\/v2\/categories?post=8466"},{"taxonomy":"post_tag","embeddable":true,"href":"https:\/\/www.overseas-association.eu\/fr\/wp-json\/wp\/v2\/tags?post=8466"},{"taxonomy":"event_type","embeddable":true,"href":"https:\/\/www.overseas-association.eu\/fr\/wp-json\/wp\/v2\/event_type?post=8466"}],"curies":[{"name":"wp","href":"https:\/\/api.w.org\/{rel}","templated":true}]}}