{"id":8209,"date":"2021-05-05T12:27:25","date_gmt":"2021-05-05T10:27:25","guid":{"rendered":"https:\/\/www.overseas-association.eu\/?p=8209"},"modified":"2021-05-05T12:27:25","modified_gmt":"2021-05-05T10:27:25","slug":"projet-de-rapport-du-parlement-europeen-vers-un-renforcement-du-partenariat-avec-les-regions-ultraperipheriques-de-lunion","status":"publish","type":"post","link":"https:\/\/www.overseas-association.eu\/fr\/projet-de-rapport-du-parlement-europeen-vers-un-renforcement-du-partenariat-avec-les-regions-ultraperipheriques-de-lunion\/","title":{"rendered":"Projet de rapport du Parlement europ\u00e9en : \u00ab\u00a0Vers un renforcement du partenariat avec les r\u00e9gions ultrap\u00e9riph\u00e9riques de l\u2019Union\u00a0\u00bb"},"content":{"rendered":"<p style=\"text-align: justify;\">La <span dir=\"ltr\">Commission du d\u00e9veloppement r\u00e9gional<\/span> (REGI) du Parlement europ\u00e9en a publi\u00e9 un projet de rapport nomm\u00e9 \u00ab\u00a0<span dir=\"ltr\">Vers un renforcement du partenariat avec les r\u00e9gions ultrap\u00e9riph\u00e9riques de <\/span><span dir=\"ltr\">l\u2019Union\u00a0\u00bb, avec M. St\u00e9phane Bijoux comme rapporteur.<\/span><\/p>\n<p style=\"text-align: justify;\">Le rapport souligne que \u00ab\u00a0<span dir=\"ltr\">En m\u00eame temps qu\u2019elle <\/span><span dir=\"ltr\">consolide le socle des dispositifs de respect des sp\u00e9cificit\u00e9s<\/span><span dir=\"ltr\"> et de <\/span><span dir=\"ltr\">l\u2019accompagnement indispensable face aux d\u00e9fis structurels, <\/span><span dir=\"ltr\">l\u2019Europe doit encourager <\/span><span dir=\"ltr\">l\u2019audace et la cr\u00e9ativit\u00e9 locale et cr\u00e9er dans les RUP, les conditions de la r\u00e9conciliation <\/span><span dir=\"ltr\">de l\u2019\u00e9conomie et de l\u2019\u00e9cologie\u00a0\u00bb et que \u00ab\u00a0L\u2019Europe et les RUP ont les moyens de r\u00e9ussir ensemble un partenariat Gagnant &#8211; Gagnant\u00a0\u00bb<\/span><\/p>\n<p>Pour plus d&rsquo;informations :<\/p>\n<ul>\n<li><a href=\"https:\/\/www.europarl.europa.eu\/doceo\/document\/REGI-PR-689837_FR.pdf\">Le rapport<\/a><\/li>\n<li><a href=\"https:\/\/oeil.secure.europarl.europa.eu\/oeil\/popups\/ficheprocedure.do?reference=2020\/2120(INI)&amp;l=fr\">La proc\u00e9dure<\/a><\/li>\n<\/ul>\n","protected":false},"excerpt":{"rendered":"<p>La Commission du d\u00e9veloppement r\u00e9gional (REGI) du Parlement europ\u00e9en a publi\u00e9 un projet de rapport nomm\u00e9 \u00ab\u00a0Vers un renforcement du partenariat avec les r\u00e9gions ultrap\u00e9riph\u00e9riques de l\u2019Union\u00a0\u00bb, avec M. St\u00e9phane Bijoux comme rapporteur. Le rapport souligne que \u00ab\u00a0En m\u00eame temps qu\u2019elle consolide le socle des dispositifs de respect des sp\u00e9cificit\u00e9s et de l\u2019accompagnement indispensable face [&hellip;]<\/p>\n","protected":false},"author":5,"featured_media":8223,"comment_status":"closed","ping_status":"closed","sticky":false,"template":"","format":"standard","meta":{"_acf_changed":false,"footnotes":""},"categories":[239],"tags":[],"event_type":[],"class_list":["post-8209","post","type-post","status-publish","format-standard","has-post-thumbnail","hentry","category-news"],"acf":[],"yoast_head":"<!-- This site is optimized with the Yoast SEO plugin v27.5 - https:\/\/yoast.com\/product\/yoast-seo-wordpress\/ -->\n<title>Projet de rapport du Parlement europ\u00e9en : &quot;Vers un renforcement du partenariat avec les r\u00e9gions ultrap\u00e9riph\u00e9riques de l\u2019Union&quot; - OCTA<\/title>\n<meta name=\"robots\" content=\"index, follow, max-snippet:-1, max-image-preview:large, max-video-preview:-1\" \/>\n<link rel=\"canonical\" href=\"https:\/\/www.overseas-association.eu\/fr\/projet-de-rapport-du-parlement-europeen-vers-un-renforcement-du-partenariat-avec-les-regions-ultraperipheriques-de-lunion\/\" \/>\n<meta property=\"og:locale\" content=\"fr_FR\" \/>\n<meta property=\"og:type\" content=\"article\" \/>\n<meta property=\"og:title\" content=\"Projet de rapport du Parlement europ\u00e9en : &quot;Vers un renforcement du partenariat avec les r\u00e9gions ultrap\u00e9riph\u00e9riques de l\u2019Union&quot; - OCTA\" \/>\n<meta property=\"og:description\" content=\"La Commission du d\u00e9veloppement r\u00e9gional (REGI) du Parlement europ\u00e9en a publi\u00e9 un projet de rapport nomm\u00e9 \u00ab\u00a0Vers un renforcement du partenariat avec les r\u00e9gions ultrap\u00e9riph\u00e9riques de l\u2019Union\u00a0\u00bb, avec M. St\u00e9phane Bijoux comme rapporteur. Le rapport souligne que \u00ab\u00a0En m\u00eame temps qu\u2019elle consolide le socle des dispositifs de respect des sp\u00e9cificit\u00e9s et de l\u2019accompagnement indispensable face [&hellip;]\" \/>\n<meta property=\"og:url\" content=\"https:\/\/www.overseas-association.eu\/fr\/projet-de-rapport-du-parlement-europeen-vers-un-renforcement-du-partenariat-avec-les-regions-ultraperipheriques-de-lunion\/\" \/>\n<meta property=\"og:site_name\" content=\"OCTA\" \/>\n<meta property=\"article:published_time\" content=\"2021-05-05T10:27:25+00:00\" \/>\n<meta property=\"og:image\" content=\"https:\/\/www.overseas-association.eu\/content\/uploads\/2021\/05\/News-PE.RUP_.png\" \/>\n\t<meta property=\"og:image:width\" content=\"1747\" \/>\n\t<meta property=\"og:image:height\" content=\"1240\" \/>\n\t<meta property=\"og:image:type\" content=\"image\/png\" \/>\n<meta name=\"author\" content=\"Marta Fern\u00e1ndez Fornieles\" \/>\n<meta name=\"twitter:card\" content=\"summary_large_image\" \/>\n<meta name=\"twitter:label1\" content=\"\u00c9crit par\" \/>\n\t<meta name=\"twitter:data1\" content=\"Marta Fern\u00e1ndez Fornieles\" \/>\n\t<meta name=\"twitter:label2\" content=\"Dur\u00e9e de lecture estim\u00e9e\" \/>\n\t<meta name=\"twitter:data2\" content=\"1 minute\" \/>\n<script type=\"application\/ld+json\" class=\"yoast-schema-graph\">{\"@context\":\"https:\\\/\\\/schema.org\",\"@graph\":[{\"@type\":\"Article\",\"@id\":\"https:\\\/\\\/www.overseas-association.eu\\\/fr\\\/projet-de-rapport-du-parlement-europeen-vers-un-renforcement-du-partenariat-avec-les-regions-ultraperipheriques-de-lunion\\\/#article\",\"isPartOf\":{\"@id\":\"https:\\\/\\\/www.overseas-association.eu\\\/fr\\\/projet-de-rapport-du-parlement-europeen-vers-un-renforcement-du-partenariat-avec-les-regions-ultraperipheriques-de-lunion\\\/\"},\"author\":{\"name\":\"Marta Fern\u00e1ndez Fornieles\",\"@id\":\"https:\\\/\\\/www.overseas-association.eu\\\/fr\\\/#\\\/schema\\\/person\\\/ba93d459c87253e3c8a3dd21e4e00c00\"},\"headline\":\"Projet de rapport du Parlement europ\u00e9en : \u00ab\u00a0Vers un renforcement du partenariat avec les r\u00e9gions ultrap\u00e9riph\u00e9riques de l\u2019Union\u00a0\u00bb\",\"datePublished\":\"2021-05-05T10:27:25+00:00\",\"mainEntityOfPage\":{\"@id\":\"https:\\\/\\\/www.overseas-association.eu\\\/fr\\\/projet-de-rapport-du-parlement-europeen-vers-un-renforcement-du-partenariat-avec-les-regions-ultraperipheriques-de-lunion\\\/\"},\"wordCount\":152,\"publisher\":{\"@id\":\"https:\\\/\\\/www.overseas-association.eu\\\/fr\\\/#organization\"},\"image\":{\"@id\":\"https:\\\/\\\/www.overseas-association.eu\\\/fr\\\/projet-de-rapport-du-parlement-europeen-vers-un-renforcement-du-partenariat-avec-les-regions-ultraperipheriques-de-lunion\\\/#primaryimage\"},\"thumbnailUrl\":\"https:\\\/\\\/www.overseas-association.eu\\\/content\\\/uploads\\\/2021\\\/05\\\/News-PE.RUP_.png\",\"articleSection\":[\"ACTUALITE\"],\"inLanguage\":\"fr-FR\"},{\"@type\":\"WebPage\",\"@id\":\"https:\\\/\\\/www.overseas-association.eu\\\/fr\\\/projet-de-rapport-du-parlement-europeen-vers-un-renforcement-du-partenariat-avec-les-regions-ultraperipheriques-de-lunion\\\/\",\"url\":\"https:\\\/\\\/www.overseas-association.eu\\\/fr\\\/projet-de-rapport-du-parlement-europeen-vers-un-renforcement-du-partenariat-avec-les-regions-ultraperipheriques-de-lunion\\\/\",\"name\":\"Projet de rapport du Parlement europ\u00e9en : \\\"Vers un renforcement du partenariat avec les r\u00e9gions ultrap\u00e9riph\u00e9riques de l\u2019Union\\\" - OCTA\",\"isPartOf\":{\"@id\":\"https:\\\/\\\/www.overseas-association.eu\\\/fr\\\/#website\"},\"primaryImageOfPage\":{\"@id\":\"https:\\\/\\\/www.overseas-association.eu\\\/fr\\\/projet-de-rapport-du-parlement-europeen-vers-un-renforcement-du-partenariat-avec-les-regions-ultraperipheriques-de-lunion\\\/#primaryimage\"},\"image\":{\"@id\":\"https:\\\/\\\/www.overseas-association.eu\\\/fr\\\/projet-de-rapport-du-parlement-europeen-vers-un-renforcement-du-partenariat-avec-les-regions-ultraperipheriques-de-lunion\\\/#primaryimage\"},\"thumbnailUrl\":\"https:\\\/\\\/www.overseas-association.eu\\\/content\\\/uploads\\\/2021\\\/05\\\/News-PE.RUP_.png\",\"datePublished\":\"2021-05-05T10:27:25+00:00\",\"breadcrumb\":{\"@id\":\"https:\\\/\\\/www.overseas-association.eu\\\/fr\\\/projet-de-rapport-du-parlement-europeen-vers-un-renforcement-du-partenariat-avec-les-regions-ultraperipheriques-de-lunion\\\/#breadcrumb\"},\"inLanguage\":\"fr-FR\",\"potentialAction\":[{\"@type\":\"ReadAction\",\"target\":[\"https:\\\/\\\/www.overseas-association.eu\\\/fr\\\/projet-de-rapport-du-parlement-europeen-vers-un-renforcement-du-partenariat-avec-les-regions-ultraperipheriques-de-lunion\\\/\"]}]},{\"@type\":\"ImageObject\",\"inLanguage\":\"fr-FR\",\"@id\":\"https:\\\/\\\/www.overseas-association.eu\\\/fr\\\/projet-de-rapport-du-parlement-europeen-vers-un-renforcement-du-partenariat-avec-les-regions-ultraperipheriques-de-lunion\\\/#primaryimage\",\"url\":\"https:\\\/\\\/www.overseas-association.eu\\\/content\\\/uploads\\\/2021\\\/05\\\/News-PE.RUP_.png\",\"contentUrl\":\"https:\\\/\\\/www.overseas-association.eu\\\/content\\\/uploads\\\/2021\\\/05\\\/News-PE.RUP_.png\",\"width\":1747,\"height\":1240},{\"@type\":\"BreadcrumbList\",\"@id\":\"https:\\\/\\\/www.overseas-association.eu\\\/fr\\\/projet-de-rapport-du-parlement-europeen-vers-un-renforcement-du-partenariat-avec-les-regions-ultraperipheriques-de-lunion\\\/#breadcrumb\",\"itemListElement\":[{\"@type\":\"ListItem\",\"position\":1,\"name\":\"Home\",\"item\":\"https:\\\/\\\/www.overseas-association.eu\\\/fr\\\/\"},{\"@type\":\"ListItem\",\"position\":2,\"name\":\"Projet de rapport du Parlement europ\u00e9en : \u00ab\u00a0Vers un renforcement du partenariat avec les r\u00e9gions ultrap\u00e9riph\u00e9riques de l\u2019Union\u00a0\u00bb\"}]},{\"@type\":\"WebSite\",\"@id\":\"https:\\\/\\\/www.overseas-association.eu\\\/fr\\\/#website\",\"url\":\"https:\\\/\\\/www.overseas-association.eu\\\/fr\\\/\",\"name\":\"OCTA\",\"description\":\"Overseas Countries and Territories Association\",\"publisher\":{\"@id\":\"https:\\\/\\\/www.overseas-association.eu\\\/fr\\\/#organization\"},\"potentialAction\":[{\"@type\":\"SearchAction\",\"target\":{\"@type\":\"EntryPoint\",\"urlTemplate\":\"https:\\\/\\\/www.overseas-association.eu\\\/fr\\\/?s={search_term_string}\"},\"query-input\":{\"@type\":\"PropertyValueSpecification\",\"valueRequired\":true,\"valueName\":\"search_term_string\"}}],\"inLanguage\":\"fr-FR\"},{\"@type\":\"Organization\",\"@id\":\"https:\\\/\\\/www.overseas-association.eu\\\/fr\\\/#organization\",\"name\":\"Overseas Countries and Territories Association\",\"url\":\"https:\\\/\\\/www.overseas-association.eu\\\/fr\\\/\",\"logo\":{\"@type\":\"ImageObject\",\"inLanguage\":\"fr-FR\",\"@id\":\"https:\\\/\\\/www.overseas-association.eu\\\/fr\\\/#\\\/schema\\\/logo\\\/image\\\/\",\"url\":\"https:\\\/\\\/www.overseas-association.eu\\\/content\\\/uploads\\\/2021\\\/03\\\/logo.png\",\"contentUrl\":\"https:\\\/\\\/www.overseas-association.eu\\\/content\\\/uploads\\\/2021\\\/03\\\/logo.png\",\"width\":316,\"height\":134,\"caption\":\"Overseas Countries and Territories Association\"},\"image\":{\"@id\":\"https:\\\/\\\/www.overseas-association.eu\\\/fr\\\/#\\\/schema\\\/logo\\\/image\\\/\"}},{\"@type\":\"Person\",\"@id\":\"https:\\\/\\\/www.overseas-association.eu\\\/fr\\\/#\\\/schema\\\/person\\\/ba93d459c87253e3c8a3dd21e4e00c00\",\"name\":\"Marta Fern\u00e1ndez Fornieles\",\"url\":\"https:\\\/\\\/www.overseas-association.eu\\\/fr\\\/author\\\/marta_octa\\\/\"}]}<\/script>\n<!-- \/ Yoast SEO plugin. -->","yoast_head_json":{"title":"Projet de rapport du Parlement europ\u00e9en : \"Vers un renforcement du partenariat avec les r\u00e9gions ultrap\u00e9riph\u00e9riques de l\u2019Union\" - OCTA","robots":{"index":"index","follow":"follow","max-snippet":"max-snippet:-1","max-image-preview":"max-image-preview:large","max-video-preview":"max-video-preview:-1"},"canonical":"https:\/\/www.overseas-association.eu\/fr\/projet-de-rapport-du-parlement-europeen-vers-un-renforcement-du-partenariat-avec-les-regions-ultraperipheriques-de-lunion\/","og_locale":"fr_FR","og_type":"article","og_title":"Projet de rapport du Parlement europ\u00e9en : \"Vers un renforcement du partenariat avec les r\u00e9gions ultrap\u00e9riph\u00e9riques de l\u2019Union\" - OCTA","og_description":"La Commission du d\u00e9veloppement r\u00e9gional (REGI) du Parlement europ\u00e9en a publi\u00e9 un projet de rapport nomm\u00e9 \u00ab\u00a0Vers un renforcement du partenariat avec les r\u00e9gions ultrap\u00e9riph\u00e9riques de l\u2019Union\u00a0\u00bb, avec M. St\u00e9phane Bijoux comme rapporteur. Le rapport souligne que \u00ab\u00a0En m\u00eame temps qu\u2019elle consolide le socle des dispositifs de respect des sp\u00e9cificit\u00e9s et de l\u2019accompagnement indispensable face [&hellip;]","og_url":"https:\/\/www.overseas-association.eu\/fr\/projet-de-rapport-du-parlement-europeen-vers-un-renforcement-du-partenariat-avec-les-regions-ultraperipheriques-de-lunion\/","og_site_name":"OCTA","article_published_time":"2021-05-05T10:27:25+00:00","og_image":[{"width":1747,"height":1240,"url":"https:\/\/www.overseas-association.eu\/content\/uploads\/2021\/05\/News-PE.RUP_.png","type":"image\/png"}],"author":"Marta Fern\u00e1ndez Fornieles","twitter_card":"summary_large_image","twitter_misc":{"\u00c9crit par":"Marta Fern\u00e1ndez Fornieles","Dur\u00e9e de lecture estim\u00e9e":"1 minute"},"schema":{"@context":"https:\/\/schema.org","@graph":[{"@type":"Article","@id":"https:\/\/www.overseas-association.eu\/fr\/projet-de-rapport-du-parlement-europeen-vers-un-renforcement-du-partenariat-avec-les-regions-ultraperipheriques-de-lunion\/#article","isPartOf":{"@id":"https:\/\/www.overseas-association.eu\/fr\/projet-de-rapport-du-parlement-europeen-vers-un-renforcement-du-partenariat-avec-les-regions-ultraperipheriques-de-lunion\/"},"author":{"name":"Marta Fern\u00e1ndez Fornieles","@id":"https:\/\/www.overseas-association.eu\/fr\/#\/schema\/person\/ba93d459c87253e3c8a3dd21e4e00c00"},"headline":"Projet de rapport du Parlement europ\u00e9en : \u00ab\u00a0Vers un renforcement du partenariat avec les r\u00e9gions ultrap\u00e9riph\u00e9riques de l\u2019Union\u00a0\u00bb","datePublished":"2021-05-05T10:27:25+00:00","mainEntityOfPage":{"@id":"https:\/\/www.overseas-association.eu\/fr\/projet-de-rapport-du-parlement-europeen-vers-un-renforcement-du-partenariat-avec-les-regions-ultraperipheriques-de-lunion\/"},"wordCount":152,"publisher":{"@id":"https:\/\/www.overseas-association.eu\/fr\/#organization"},"image":{"@id":"https:\/\/www.overseas-association.eu\/fr\/projet-de-rapport-du-parlement-europeen-vers-un-renforcement-du-partenariat-avec-les-regions-ultraperipheriques-de-lunion\/#primaryimage"},"thumbnailUrl":"https:\/\/www.overseas-association.eu\/content\/uploads\/2021\/05\/News-PE.RUP_.png","articleSection":["ACTUALITE"],"inLanguage":"fr-FR"},{"@type":"WebPage","@id":"https:\/\/www.overseas-association.eu\/fr\/projet-de-rapport-du-parlement-europeen-vers-un-renforcement-du-partenariat-avec-les-regions-ultraperipheriques-de-lunion\/","url":"https:\/\/www.overseas-association.eu\/fr\/projet-de-rapport-du-parlement-europeen-vers-un-renforcement-du-partenariat-avec-les-regions-ultraperipheriques-de-lunion\/","name":"Projet de rapport du Parlement europ\u00e9en : \"Vers un renforcement du partenariat avec les r\u00e9gions ultrap\u00e9riph\u00e9riques de l\u2019Union\" - OCTA","isPartOf":{"@id":"https:\/\/www.overseas-association.eu\/fr\/#website"},"primaryImageOfPage":{"@id":"https:\/\/www.overseas-association.eu\/fr\/projet-de-rapport-du-parlement-europeen-vers-un-renforcement-du-partenariat-avec-les-regions-ultraperipheriques-de-lunion\/#primaryimage"},"image":{"@id":"https:\/\/www.overseas-association.eu\/fr\/projet-de-rapport-du-parlement-europeen-vers-un-renforcement-du-partenariat-avec-les-regions-ultraperipheriques-de-lunion\/#primaryimage"},"thumbnailUrl":"https:\/\/www.overseas-association.eu\/content\/uploads\/2021\/05\/News-PE.RUP_.png","datePublished":"2021-05-05T10:27:25+00:00","breadcrumb":{"@id":"https:\/\/www.overseas-association.eu\/fr\/projet-de-rapport-du-parlement-europeen-vers-un-renforcement-du-partenariat-avec-les-regions-ultraperipheriques-de-lunion\/#breadcrumb"},"inLanguage":"fr-FR","potentialAction":[{"@type":"ReadAction","target":["https:\/\/www.overseas-association.eu\/fr\/projet-de-rapport-du-parlement-europeen-vers-un-renforcement-du-partenariat-avec-les-regions-ultraperipheriques-de-lunion\/"]}]},{"@type":"ImageObject","inLanguage":"fr-FR","@id":"https:\/\/www.overseas-association.eu\/fr\/projet-de-rapport-du-parlement-europeen-vers-un-renforcement-du-partenariat-avec-les-regions-ultraperipheriques-de-lunion\/#primaryimage","url":"https:\/\/www.overseas-association.eu\/content\/uploads\/2021\/05\/News-PE.RUP_.png","contentUrl":"https:\/\/www.overseas-association.eu\/content\/uploads\/2021\/05\/News-PE.RUP_.png","width":1747,"height":1240},{"@type":"BreadcrumbList","@id":"https:\/\/www.overseas-association.eu\/fr\/projet-de-rapport-du-parlement-europeen-vers-un-renforcement-du-partenariat-avec-les-regions-ultraperipheriques-de-lunion\/#breadcrumb","itemListElement":[{"@type":"ListItem","position":1,"name":"Home","item":"https:\/\/www.overseas-association.eu\/fr\/"},{"@type":"ListItem","position":2,"name":"Projet de rapport du Parlement europ\u00e9en : \u00ab\u00a0Vers un renforcement du partenariat avec les r\u00e9gions ultrap\u00e9riph\u00e9riques de l\u2019Union\u00a0\u00bb"}]},{"@type":"WebSite","@id":"https:\/\/www.overseas-association.eu\/fr\/#website","url":"https:\/\/www.overseas-association.eu\/fr\/","name":"OCTA","description":"Overseas Countries and Territories Association","publisher":{"@id":"https:\/\/www.overseas-association.eu\/fr\/#organization"},"potentialAction":[{"@type":"SearchAction","target":{"@type":"EntryPoint","urlTemplate":"https:\/\/www.overseas-association.eu\/fr\/?s={search_term_string}"},"query-input":{"@type":"PropertyValueSpecification","valueRequired":true,"valueName":"search_term_string"}}],"inLanguage":"fr-FR"},{"@type":"Organization","@id":"https:\/\/www.overseas-association.eu\/fr\/#organization","name":"Overseas Countries and Territories Association","url":"https:\/\/www.overseas-association.eu\/fr\/","logo":{"@type":"ImageObject","inLanguage":"fr-FR","@id":"https:\/\/www.overseas-association.eu\/fr\/#\/schema\/logo\/image\/","url":"https:\/\/www.overseas-association.eu\/content\/uploads\/2021\/03\/logo.png","contentUrl":"https:\/\/www.overseas-association.eu\/content\/uploads\/2021\/03\/logo.png","width":316,"height":134,"caption":"Overseas Countries and Territories Association"},"image":{"@id":"https:\/\/www.overseas-association.eu\/fr\/#\/schema\/logo\/image\/"}},{"@type":"Person","@id":"https:\/\/www.overseas-association.eu\/fr\/#\/schema\/person\/ba93d459c87253e3c8a3dd21e4e00c00","name":"Marta Fern\u00e1ndez Fornieles","url":"https:\/\/www.overseas-association.eu\/fr\/author\/marta_octa\/"}]}},"_links":{"self":[{"href":"https:\/\/www.overseas-association.eu\/fr\/wp-json\/wp\/v2\/posts\/8209","targetHints":{"allow":["GET"]}}],"collection":[{"href":"https:\/\/www.overseas-association.eu\/fr\/wp-json\/wp\/v2\/posts"}],"about":[{"href":"https:\/\/www.overseas-association.eu\/fr\/wp-json\/wp\/v2\/types\/post"}],"author":[{"embeddable":true,"href":"https:\/\/www.overseas-association.eu\/fr\/wp-json\/wp\/v2\/users\/5"}],"replies":[{"embeddable":true,"href":"https:\/\/www.overseas-association.eu\/fr\/wp-json\/wp\/v2\/comments?post=8209"}],"version-history":[{"count":0,"href":"https:\/\/www.overseas-association.eu\/fr\/wp-json\/wp\/v2\/posts\/8209\/revisions"}],"wp:featuredmedia":[{"embeddable":true,"href":"https:\/\/www.overseas-association.eu\/fr\/wp-json\/wp\/v2\/media\/8223"}],"wp:attachment":[{"href":"https:\/\/www.overseas-association.eu\/fr\/wp-json\/wp\/v2\/media?parent=8209"}],"wp:term":[{"taxonomy":"category","embeddable":true,"href":"https:\/\/www.overseas-association.eu\/fr\/wp-json\/wp\/v2\/categories?post=8209"},{"taxonomy":"post_tag","embeddable":true,"href":"https:\/\/www.overseas-association.eu\/fr\/wp-json\/wp\/v2\/tags?post=8209"},{"taxonomy":"event_type","embeddable":true,"href":"https:\/\/www.overseas-association.eu\/fr\/wp-json\/wp\/v2\/event_type?post=8209"}],"curies":[{"name":"wp","href":"https:\/\/api.w.org\/{rel}","templated":true}]}}