{"id":5131,"date":"2021-04-28T14:58:28","date_gmt":"2021-04-28T12:58:28","guid":{"rendered":"https:\/\/www.overseas-association.eu\/?p=5131"},"modified":"2021-04-28T15:37:17","modified_gmt":"2021-04-28T13:37:17","slug":"premiers-appels-au-programme-europeen-citoyens-egalite-droits-et-valeurs","status":"publish","type":"post","link":"https:\/\/www.overseas-association.eu\/fr\/premiers-appels-au-programme-europeen-citoyens-egalite-droits-et-valeurs\/","title":{"rendered":"Premiers appels au programme europ\u00e9en \u00abCitoyens, \u00e9galit\u00e9, droits et valeurs\u00bb"},"content":{"rendered":"<p style=\"text-align: justify;\">Les premiers appels au programme europ\u00e9en \u00abCitoyens, \u00e9galit\u00e9, droits et valeurs\u00bb (CERV) ont \u00e9t\u00e9 publi\u00e9s &#8211; les PTOM sont \u00e9ligibles aux appels mentionn\u00e9s plus bas.<\/p>\n<p style=\"text-align: justify;\">Pour 2021-2022,<strong> 292 millions d&rsquo;euros<\/strong> sont disponibles pour offrir des possibilit\u00e9s de financement aux organisations de la soci\u00e9t\u00e9 civile actives aux niveaux local, r\u00e9gional, national et transnational et engag\u00e9es dans la d\u00e9fense des valeurs et des droits de l&rsquo;UE. Le programme se compose de <strong>quatre piliers<\/strong>:<\/p>\n<p style=\"text-align: justify;\"><em>L\u2019information sur les appels est disponible uniquement en anglais.<br \/>\n<\/em><\/p>\n<p style=\"text-align: justify;\"><strong>1. <\/strong><span style=\"color: #ffff00;\"><strong>Valeurs de l&rsquo;Union<\/strong> <\/span>&#8211; pour prot\u00e9ger et promouvoir les valeurs de l&rsquo;Union<\/p>\n<p style=\"text-align: justify;\"><strong>2. <\/strong><span style=\"color: #ffff00;\"><strong>\u00c9galit\u00e9, droits et \u00e9galit\u00e9 des sexes<\/strong> <\/span>&#8211; promouvoir les droits, la non-discrimination et l&rsquo;\u00e9galit\u00e9, y compris l&rsquo;\u00e9galit\u00e9 des sexes, et promouvoir l&rsquo;int\u00e9gration de la dimension de genre et l&rsquo;int\u00e9gration de la non-discrimination<\/p>\n<ol style=\"text-align: justify;\">\n<li style=\"list-style-type: none;\">\n<ul>\n<li><strong>Appel \u00e0 propositions pour la promotion de l&rsquo;\u00e9galit\u00e9 et la lutte contre le racisme, la x\u00e9nophobie et la discrimination<\/strong> &#8211; Date de cl\u00f4ture : 15 juin 2021 &#8211; <a href=\"https:\/\/ec.europa.eu\/info\/funding-tenders\/opportunities\/portal\/screen\/opportunities\/topic-details\/cerv-2021-equal;callCode=null;freeTextSearchKeyword=;matchWholeText=true;typeCodes=1;statusCodes=31094501,31094502,31094503;programmePeriod=2021%20-%202027;programCcm2Id=43251589;programDivisionCode=null;focusAreaCode=null;destination=null;mission=null;geographicalZonesCode=null;programmeDivisionProspect=null;startDateLte=null;startDateGte=null;crossCuttingPriorityCode=null;cpvCode=null;performanceOfDelivery=null;sortQuery=sortStatus;orderBy=asc;onlyTenders=false;topicListKey=topicSearchTablePageState\" target=\"_blank\" rel=\"noopener\">Funding &amp; tenders <\/a><\/li>\n<li><strong>Appel \u00e0 propositions pour prot\u00e9ger et promouvoir les droits de l&rsquo;enfant<\/strong> &#8211; Date de cl\u00f4ture : 07 septembre 2021 &#8211; <a href=\"https:\/\/ec.europa.eu\/info\/funding-tenders\/opportunities\/portal\/screen\/opportunities\/topic-details\/cerv-2021-child;callCode=null;freeTextSearchKeyword=;matchWholeText=true;typeCodes=1;statusCodes=31094501,31094502,31094503;programmePeriod=2021%20-%202027;programCcm2Id=43251589;programDivisionCode=null;focusAreaCode=null;destination=null;mission=null;geographicalZonesCode=null;programmeDivisionProspect=null;startDateLte=null;startDateGte=null;crossCuttingPriorityCode=null;cpvCode=null;performanceOfDelivery=null;sortQuery=sortStatus;orderBy=asc;onlyTenders=false;topicListKey=topicSearchTablePageState\" target=\"_blank\" rel=\"noopener\">Funding &amp; tenders <\/a><a href=\"https:\/\/ec.europa.eu\/info\/funding-tenders\/opportunities\/portal\/screen\/opportunities\/topic-details\/cerv-2021-child;callCode=null;freeTextSearchKeyword=;matchWholeText=true;typeCodes=1;statusCodes=31094501,31094502,31094503;programmePeriod=2021%20-%202027;programCcm2Id=43251589;programDivisionCode=null;focusAreaCode=null;destination=null;mission=null;geographicalZonesCode=null;programmeDivisionProspect=null;startDateLte=null;startDateGte=null;crossCuttingPriorityCode=null;cpvCode=null;performanceOfDelivery=null;sortQuery=sortStatus;orderBy=asc;onlyTenders=false;topicListKey=topicSearchTablePageState\">\u00a0<\/a><\/li>\n<li><strong>Appel \u00e0 propositions limit\u00e9\/restreint aux autorit\u00e9s nationales de protection des donn\u00e9es sur la sensibilisation des parties prenantes \u00e0 la l\u00e9gislation sur la protection des donn\u00e9es<\/strong> &#8211; Date de cl\u00f4ture : 09 septembre 2021 &#8211; <a href=\"https:\/\/ec.europa.eu\/info\/funding-tenders\/opportunities\/portal\/screen\/opportunities\/topic-details\/cerv-2021-data;callCode=null;freeTextSearchKeyword=;matchWholeText=true;typeCodes=1;statusCodes=31094501,31094502,31094503;programmePeriod=2021%20-%202027;programCcm2Id=43251589;programDivisionCode=null;focusAreaCode=null;destination=null;mission=null;geographicalZonesCode=null;programmeDivisionProspect=null;startDateLte=null;startDateGte=null;crossCuttingPriorityCode=null;cpvCode=null;performanceOfDelivery=null;sortQuery=sortStatus;orderBy=asc;onlyTenders=false;topicListKey=topicSearchTablePageState\" target=\"_blank\" rel=\"noopener\">Funding &amp; tenders <\/a><\/li>\n<\/ul>\n<\/li>\n<\/ol>\n<p style=\"text-align: justify;\"><strong>3. <\/strong><span style=\"color: #ffff00;\"><strong>Engagement et participation des citoyens<\/strong><\/span> &#8211; pour promouvoir l&rsquo;engagement et la participation des citoyens \u00e0 la vie d\u00e9mocratique de l&rsquo;Union et aux \u00e9changes entre les citoyens de diff\u00e9rents \u00c9tats membres, et pour sensibiliser \u00e0 leur histoire europ\u00e9enne commune<\/p>\n<ul style=\"text-align: justify;\">\n<li style=\"list-style-type: none;\">\n<ul>\n<li><strong>Appel \u00e0 propositions sur la comm\u00e9moration europ\u00e9enne <\/strong>&#8211; Date de cl\u00f4ture : 22 juin 2021 &#8211;<strong><a href=\"https:\/\/ec.europa.eu\/info\/funding-tenders\/opportunities\/portal\/screen\/opportunities\/topic-details\/cerv-2021-citizens-rem;callCode=null;freeTextSearchKeyword=;matchWholeText=true;typeCodes=1;statusCodes=31094501,31094502,31094503;programmePeriod=2021%20-%202027;programCcm2Id=43251589;programDivisionCode=null;focusAreaCode=null;destination=null;mission=null;geographicalZonesCode=null;programmeDivisionProspect=null;startDateLte=null;startDateGte=null;crossCuttingPriorityCode=null;cpvCode=null;performanceOfDelivery=null;sortQuery=sortStatus;orderBy=asc;onlyTenders=false;topicListKey=topicSearchTablePageState\" target=\"_blank\" rel=\"noopener\">Funding &amp; tenders <\/a><\/strong><\/li>\n<\/ul>\n<\/li>\n<\/ul>\n<p style=\"text-align: justify;\"><strong>4. <span style=\"color: #ffff00;\">Daphne<\/span><\/strong> &#8211; pr\u00e9venir et combattre la violence sexiste et la violence contre les enfants<\/p>\n<ul style=\"text-align: justify;\">\n<li style=\"list-style-type: none;\">\n<ul>\n<li><strong>Appel \u00e0 propositions pour pr\u00e9venir et combattre la violence fond\u00e9e sur le genre et la violence \u00e0 l&rsquo;\u00e9gard des enfants <\/strong>&#8211; Date de cl\u00f4ture : 15 juin 2021 &#8211; <strong><a href=\"https:\/\/ec.europa.eu\/info\/funding-tenders\/opportunities\/portal\/screen\/opportunities\/topic-details\/cerv-2021-daphne;callCode=null;freeTextSearchKeyword=;matchWholeText=true;typeCodes=1;statusCodes=31094501,31094502,31094503;programmePeriod=2021%20-%202027;programCcm2Id=43251589;programDivisionCode=null;focusAreaCode=null;destination=null;mission=null;geographicalZonesCode=null;programmeDivisionProspect=null;startDateLte=null;startDateGte=null;crossCuttingPriorityCode=null;cpvCode=null;performanceOfDelivery=null;sortQuery=sortStatus;orderBy=asc;onlyTenders=false;topicListKey=topicSearchTablePageState\" target=\"_blank\" rel=\"noopener\">Funding &amp; tenders <\/a><a href=\"https:\/\/ec.europa.eu\/info\/funding-tenders\/opportunities\/portal\/screen\/opportunities\/topic-details\/cerv-2021-daphne;callCode=null;freeTextSearchKeyword=;matchWholeText=true;typeCodes=1;statusCodes=31094501,31094502,31094503;programmePeriod=2021%20-%202027;programCcm2Id=43251589;programDivisionCode=null;focusAreaCode=null;destination=null;mission=null;geographicalZonesCode=null;programmeDivisionProspect=null;startDateLte=null;startDateGte=null;crossCuttingPriorityCode=null;cpvCode=null;performanceOfDelivery=null;sortQuery=sortStatus;orderBy=asc;onlyTenders=false;topicListKey=topicSearchTablePageState\">\u00a0<\/a><\/strong><\/li>\n<\/ul>\n<\/li>\n<\/ul>\n<p style=\"text-align: justify;\">Pour plus d&rsquo;informations sur le programme CERV, veuillez consulter le programme de travail <a href=\"https:\/\/ec.europa.eu\/info\/sites\/info\/files\/1_en_annexe_acte_autonome_part1_v8.pdf\">ici<\/a>.<\/p>\n","protected":false},"excerpt":{"rendered":"<p>The first calls to the EU programme \u201cCitizens, Equality, Rights and Values\u201d (CERV) have been published.<\/p>\n","protected":false},"author":5,"featured_media":5132,"comment_status":"closed","ping_status":"closed","sticky":false,"template":"","format":"standard","meta":{"_acf_changed":false,"footnotes":""},"categories":[239],"tags":[],"event_type":[],"class_list":["post-5131","post","type-post","status-publish","format-standard","has-post-thumbnail","hentry","category-news"],"acf":[],"yoast_head":"<!-- This site is optimized with the Yoast SEO plugin v27.5 - https:\/\/yoast.com\/product\/yoast-seo-wordpress\/ -->\n<title>Premiers appels au programme europ\u00e9en \u00abCitoyens, \u00e9galit\u00e9, droits et valeurs\u00bb - OCTA<\/title>\n<meta name=\"robots\" content=\"index, follow, max-snippet:-1, max-image-preview:large, max-video-preview:-1\" \/>\n<link rel=\"canonical\" href=\"https:\/\/www.overseas-association.eu\/fr\/premiers-appels-au-programme-europeen-citoyens-egalite-droits-et-valeurs\/\" \/>\n<meta property=\"og:locale\" content=\"fr_FR\" \/>\n<meta property=\"og:type\" content=\"article\" \/>\n<meta property=\"og:title\" content=\"Premiers appels au programme europ\u00e9en \u00abCitoyens, \u00e9galit\u00e9, droits et valeurs\u00bb - OCTA\" \/>\n<meta property=\"og:description\" content=\"The first calls to the EU programme \u201cCitizens, Equality, Rights and Values\u201d (CERV) have been published.\" \/>\n<meta property=\"og:url\" content=\"https:\/\/www.overseas-association.eu\/fr\/premiers-appels-au-programme-europeen-citoyens-egalite-droits-et-valeurs\/\" \/>\n<meta property=\"og:site_name\" content=\"OCTA\" \/>\n<meta property=\"article:published_time\" content=\"2021-04-28T12:58:28+00:00\" \/>\n<meta property=\"article:modified_time\" content=\"2021-04-28T13:37:17+00:00\" \/>\n<meta property=\"og:image\" content=\"https:\/\/www.overseas-association.eu\/content\/uploads\/2021\/04\/News-CERV-fr.png\" \/>\n\t<meta property=\"og:image:width\" content=\"1747\" \/>\n\t<meta property=\"og:image:height\" content=\"1240\" \/>\n\t<meta property=\"og:image:type\" content=\"image\/png\" \/>\n<meta name=\"author\" content=\"Marta Fern\u00e1ndez Fornieles\" \/>\n<meta name=\"twitter:card\" content=\"summary_large_image\" \/>\n<meta name=\"twitter:label1\" content=\"\u00c9crit par\" \/>\n\t<meta name=\"twitter:data1\" content=\"Marta Fern\u00e1ndez Fornieles\" \/>\n\t<meta name=\"twitter:label2\" content=\"Dur\u00e9e de lecture estim\u00e9e\" \/>\n\t<meta name=\"twitter:data2\" content=\"2 minutes\" \/>\n<script type=\"application\/ld+json\" class=\"yoast-schema-graph\">{\"@context\":\"https:\\\/\\\/schema.org\",\"@graph\":[{\"@type\":\"Article\",\"@id\":\"https:\\\/\\\/www.overseas-association.eu\\\/fr\\\/premiers-appels-au-programme-europeen-citoyens-egalite-droits-et-valeurs\\\/#article\",\"isPartOf\":{\"@id\":\"https:\\\/\\\/www.overseas-association.eu\\\/fr\\\/premiers-appels-au-programme-europeen-citoyens-egalite-droits-et-valeurs\\\/\"},\"author\":{\"name\":\"Marta Fern\u00e1ndez Fornieles\",\"@id\":\"https:\\\/\\\/www.overseas-association.eu\\\/fr\\\/#\\\/schema\\\/person\\\/ba93d459c87253e3c8a3dd21e4e00c00\"},\"headline\":\"Premiers appels au programme europ\u00e9en \u00abCitoyens, \u00e9galit\u00e9, droits et valeurs\u00bb\",\"datePublished\":\"2021-04-28T12:58:28+00:00\",\"dateModified\":\"2021-04-28T13:37:17+00:00\",\"mainEntityOfPage\":{\"@id\":\"https:\\\/\\\/www.overseas-association.eu\\\/fr\\\/premiers-appels-au-programme-europeen-citoyens-egalite-droits-et-valeurs\\\/\"},\"wordCount\":364,\"publisher\":{\"@id\":\"https:\\\/\\\/www.overseas-association.eu\\\/fr\\\/#organization\"},\"image\":{\"@id\":\"https:\\\/\\\/www.overseas-association.eu\\\/fr\\\/premiers-appels-au-programme-europeen-citoyens-egalite-droits-et-valeurs\\\/#primaryimage\"},\"thumbnailUrl\":\"https:\\\/\\\/www.overseas-association.eu\\\/content\\\/uploads\\\/2021\\\/04\\\/News-CERV-fr.png\",\"articleSection\":[\"ACTUALITE\"],\"inLanguage\":\"fr-FR\"},{\"@type\":\"WebPage\",\"@id\":\"https:\\\/\\\/www.overseas-association.eu\\\/fr\\\/premiers-appels-au-programme-europeen-citoyens-egalite-droits-et-valeurs\\\/\",\"url\":\"https:\\\/\\\/www.overseas-association.eu\\\/fr\\\/premiers-appels-au-programme-europeen-citoyens-egalite-droits-et-valeurs\\\/\",\"name\":\"Premiers appels au programme europ\u00e9en \u00abCitoyens, \u00e9galit\u00e9, droits et valeurs\u00bb - OCTA\",\"isPartOf\":{\"@id\":\"https:\\\/\\\/www.overseas-association.eu\\\/fr\\\/#website\"},\"primaryImageOfPage\":{\"@id\":\"https:\\\/\\\/www.overseas-association.eu\\\/fr\\\/premiers-appels-au-programme-europeen-citoyens-egalite-droits-et-valeurs\\\/#primaryimage\"},\"image\":{\"@id\":\"https:\\\/\\\/www.overseas-association.eu\\\/fr\\\/premiers-appels-au-programme-europeen-citoyens-egalite-droits-et-valeurs\\\/#primaryimage\"},\"thumbnailUrl\":\"https:\\\/\\\/www.overseas-association.eu\\\/content\\\/uploads\\\/2021\\\/04\\\/News-CERV-fr.png\",\"datePublished\":\"2021-04-28T12:58:28+00:00\",\"dateModified\":\"2021-04-28T13:37:17+00:00\",\"breadcrumb\":{\"@id\":\"https:\\\/\\\/www.overseas-association.eu\\\/fr\\\/premiers-appels-au-programme-europeen-citoyens-egalite-droits-et-valeurs\\\/#breadcrumb\"},\"inLanguage\":\"fr-FR\",\"potentialAction\":[{\"@type\":\"ReadAction\",\"target\":[\"https:\\\/\\\/www.overseas-association.eu\\\/fr\\\/premiers-appels-au-programme-europeen-citoyens-egalite-droits-et-valeurs\\\/\"]}]},{\"@type\":\"ImageObject\",\"inLanguage\":\"fr-FR\",\"@id\":\"https:\\\/\\\/www.overseas-association.eu\\\/fr\\\/premiers-appels-au-programme-europeen-citoyens-egalite-droits-et-valeurs\\\/#primaryimage\",\"url\":\"https:\\\/\\\/www.overseas-association.eu\\\/content\\\/uploads\\\/2021\\\/04\\\/News-CERV-fr.png\",\"contentUrl\":\"https:\\\/\\\/www.overseas-association.eu\\\/content\\\/uploads\\\/2021\\\/04\\\/News-CERV-fr.png\",\"width\":1747,\"height\":1240},{\"@type\":\"BreadcrumbList\",\"@id\":\"https:\\\/\\\/www.overseas-association.eu\\\/fr\\\/premiers-appels-au-programme-europeen-citoyens-egalite-droits-et-valeurs\\\/#breadcrumb\",\"itemListElement\":[{\"@type\":\"ListItem\",\"position\":1,\"name\":\"Home\",\"item\":\"https:\\\/\\\/www.overseas-association.eu\\\/fr\\\/\"},{\"@type\":\"ListItem\",\"position\":2,\"name\":\"Premiers appels au programme europ\u00e9en \u00abCitoyens, \u00e9galit\u00e9, droits et valeurs\u00bb\"}]},{\"@type\":\"WebSite\",\"@id\":\"https:\\\/\\\/www.overseas-association.eu\\\/fr\\\/#website\",\"url\":\"https:\\\/\\\/www.overseas-association.eu\\\/fr\\\/\",\"name\":\"OCTA\",\"description\":\"Overseas Countries and Territories Association\",\"publisher\":{\"@id\":\"https:\\\/\\\/www.overseas-association.eu\\\/fr\\\/#organization\"},\"potentialAction\":[{\"@type\":\"SearchAction\",\"target\":{\"@type\":\"EntryPoint\",\"urlTemplate\":\"https:\\\/\\\/www.overseas-association.eu\\\/fr\\\/?s={search_term_string}\"},\"query-input\":{\"@type\":\"PropertyValueSpecification\",\"valueRequired\":true,\"valueName\":\"search_term_string\"}}],\"inLanguage\":\"fr-FR\"},{\"@type\":\"Organization\",\"@id\":\"https:\\\/\\\/www.overseas-association.eu\\\/fr\\\/#organization\",\"name\":\"Overseas Countries and Territories Association\",\"url\":\"https:\\\/\\\/www.overseas-association.eu\\\/fr\\\/\",\"logo\":{\"@type\":\"ImageObject\",\"inLanguage\":\"fr-FR\",\"@id\":\"https:\\\/\\\/www.overseas-association.eu\\\/fr\\\/#\\\/schema\\\/logo\\\/image\\\/\",\"url\":\"https:\\\/\\\/www.overseas-association.eu\\\/content\\\/uploads\\\/2021\\\/03\\\/logo.png\",\"contentUrl\":\"https:\\\/\\\/www.overseas-association.eu\\\/content\\\/uploads\\\/2021\\\/03\\\/logo.png\",\"width\":316,\"height\":134,\"caption\":\"Overseas Countries and Territories Association\"},\"image\":{\"@id\":\"https:\\\/\\\/www.overseas-association.eu\\\/fr\\\/#\\\/schema\\\/logo\\\/image\\\/\"}},{\"@type\":\"Person\",\"@id\":\"https:\\\/\\\/www.overseas-association.eu\\\/fr\\\/#\\\/schema\\\/person\\\/ba93d459c87253e3c8a3dd21e4e00c00\",\"name\":\"Marta Fern\u00e1ndez Fornieles\",\"url\":\"https:\\\/\\\/www.overseas-association.eu\\\/fr\\\/author\\\/marta_octa\\\/\"}]}<\/script>\n<!-- \/ Yoast SEO plugin. -->","yoast_head_json":{"title":"Premiers appels au programme europ\u00e9en \u00abCitoyens, \u00e9galit\u00e9, droits et valeurs\u00bb - OCTA","robots":{"index":"index","follow":"follow","max-snippet":"max-snippet:-1","max-image-preview":"max-image-preview:large","max-video-preview":"max-video-preview:-1"},"canonical":"https:\/\/www.overseas-association.eu\/fr\/premiers-appels-au-programme-europeen-citoyens-egalite-droits-et-valeurs\/","og_locale":"fr_FR","og_type":"article","og_title":"Premiers appels au programme europ\u00e9en \u00abCitoyens, \u00e9galit\u00e9, droits et valeurs\u00bb - OCTA","og_description":"The first calls to the EU programme \u201cCitizens, Equality, Rights and Values\u201d (CERV) have been published.","og_url":"https:\/\/www.overseas-association.eu\/fr\/premiers-appels-au-programme-europeen-citoyens-egalite-droits-et-valeurs\/","og_site_name":"OCTA","article_published_time":"2021-04-28T12:58:28+00:00","article_modified_time":"2021-04-28T13:37:17+00:00","og_image":[{"width":1747,"height":1240,"url":"https:\/\/www.overseas-association.eu\/content\/uploads\/2021\/04\/News-CERV-fr.png","type":"image\/png"}],"author":"Marta Fern\u00e1ndez Fornieles","twitter_card":"summary_large_image","twitter_misc":{"\u00c9crit par":"Marta Fern\u00e1ndez Fornieles","Dur\u00e9e de lecture estim\u00e9e":"2 minutes"},"schema":{"@context":"https:\/\/schema.org","@graph":[{"@type":"Article","@id":"https:\/\/www.overseas-association.eu\/fr\/premiers-appels-au-programme-europeen-citoyens-egalite-droits-et-valeurs\/#article","isPartOf":{"@id":"https:\/\/www.overseas-association.eu\/fr\/premiers-appels-au-programme-europeen-citoyens-egalite-droits-et-valeurs\/"},"author":{"name":"Marta Fern\u00e1ndez Fornieles","@id":"https:\/\/www.overseas-association.eu\/fr\/#\/schema\/person\/ba93d459c87253e3c8a3dd21e4e00c00"},"headline":"Premiers appels au programme europ\u00e9en \u00abCitoyens, \u00e9galit\u00e9, droits et valeurs\u00bb","datePublished":"2021-04-28T12:58:28+00:00","dateModified":"2021-04-28T13:37:17+00:00","mainEntityOfPage":{"@id":"https:\/\/www.overseas-association.eu\/fr\/premiers-appels-au-programme-europeen-citoyens-egalite-droits-et-valeurs\/"},"wordCount":364,"publisher":{"@id":"https:\/\/www.overseas-association.eu\/fr\/#organization"},"image":{"@id":"https:\/\/www.overseas-association.eu\/fr\/premiers-appels-au-programme-europeen-citoyens-egalite-droits-et-valeurs\/#primaryimage"},"thumbnailUrl":"https:\/\/www.overseas-association.eu\/content\/uploads\/2021\/04\/News-CERV-fr.png","articleSection":["ACTUALITE"],"inLanguage":"fr-FR"},{"@type":"WebPage","@id":"https:\/\/www.overseas-association.eu\/fr\/premiers-appels-au-programme-europeen-citoyens-egalite-droits-et-valeurs\/","url":"https:\/\/www.overseas-association.eu\/fr\/premiers-appels-au-programme-europeen-citoyens-egalite-droits-et-valeurs\/","name":"Premiers appels au programme europ\u00e9en \u00abCitoyens, \u00e9galit\u00e9, droits et valeurs\u00bb - OCTA","isPartOf":{"@id":"https:\/\/www.overseas-association.eu\/fr\/#website"},"primaryImageOfPage":{"@id":"https:\/\/www.overseas-association.eu\/fr\/premiers-appels-au-programme-europeen-citoyens-egalite-droits-et-valeurs\/#primaryimage"},"image":{"@id":"https:\/\/www.overseas-association.eu\/fr\/premiers-appels-au-programme-europeen-citoyens-egalite-droits-et-valeurs\/#primaryimage"},"thumbnailUrl":"https:\/\/www.overseas-association.eu\/content\/uploads\/2021\/04\/News-CERV-fr.png","datePublished":"2021-04-28T12:58:28+00:00","dateModified":"2021-04-28T13:37:17+00:00","breadcrumb":{"@id":"https:\/\/www.overseas-association.eu\/fr\/premiers-appels-au-programme-europeen-citoyens-egalite-droits-et-valeurs\/#breadcrumb"},"inLanguage":"fr-FR","potentialAction":[{"@type":"ReadAction","target":["https:\/\/www.overseas-association.eu\/fr\/premiers-appels-au-programme-europeen-citoyens-egalite-droits-et-valeurs\/"]}]},{"@type":"ImageObject","inLanguage":"fr-FR","@id":"https:\/\/www.overseas-association.eu\/fr\/premiers-appels-au-programme-europeen-citoyens-egalite-droits-et-valeurs\/#primaryimage","url":"https:\/\/www.overseas-association.eu\/content\/uploads\/2021\/04\/News-CERV-fr.png","contentUrl":"https:\/\/www.overseas-association.eu\/content\/uploads\/2021\/04\/News-CERV-fr.png","width":1747,"height":1240},{"@type":"BreadcrumbList","@id":"https:\/\/www.overseas-association.eu\/fr\/premiers-appels-au-programme-europeen-citoyens-egalite-droits-et-valeurs\/#breadcrumb","itemListElement":[{"@type":"ListItem","position":1,"name":"Home","item":"https:\/\/www.overseas-association.eu\/fr\/"},{"@type":"ListItem","position":2,"name":"Premiers appels au programme europ\u00e9en \u00abCitoyens, \u00e9galit\u00e9, droits et valeurs\u00bb"}]},{"@type":"WebSite","@id":"https:\/\/www.overseas-association.eu\/fr\/#website","url":"https:\/\/www.overseas-association.eu\/fr\/","name":"OCTA","description":"Overseas Countries and Territories Association","publisher":{"@id":"https:\/\/www.overseas-association.eu\/fr\/#organization"},"potentialAction":[{"@type":"SearchAction","target":{"@type":"EntryPoint","urlTemplate":"https:\/\/www.overseas-association.eu\/fr\/?s={search_term_string}"},"query-input":{"@type":"PropertyValueSpecification","valueRequired":true,"valueName":"search_term_string"}}],"inLanguage":"fr-FR"},{"@type":"Organization","@id":"https:\/\/www.overseas-association.eu\/fr\/#organization","name":"Overseas Countries and Territories Association","url":"https:\/\/www.overseas-association.eu\/fr\/","logo":{"@type":"ImageObject","inLanguage":"fr-FR","@id":"https:\/\/www.overseas-association.eu\/fr\/#\/schema\/logo\/image\/","url":"https:\/\/www.overseas-association.eu\/content\/uploads\/2021\/03\/logo.png","contentUrl":"https:\/\/www.overseas-association.eu\/content\/uploads\/2021\/03\/logo.png","width":316,"height":134,"caption":"Overseas Countries and Territories Association"},"image":{"@id":"https:\/\/www.overseas-association.eu\/fr\/#\/schema\/logo\/image\/"}},{"@type":"Person","@id":"https:\/\/www.overseas-association.eu\/fr\/#\/schema\/person\/ba93d459c87253e3c8a3dd21e4e00c00","name":"Marta Fern\u00e1ndez Fornieles","url":"https:\/\/www.overseas-association.eu\/fr\/author\/marta_octa\/"}]}},"_links":{"self":[{"href":"https:\/\/www.overseas-association.eu\/fr\/wp-json\/wp\/v2\/posts\/5131","targetHints":{"allow":["GET"]}}],"collection":[{"href":"https:\/\/www.overseas-association.eu\/fr\/wp-json\/wp\/v2\/posts"}],"about":[{"href":"https:\/\/www.overseas-association.eu\/fr\/wp-json\/wp\/v2\/types\/post"}],"author":[{"embeddable":true,"href":"https:\/\/www.overseas-association.eu\/fr\/wp-json\/wp\/v2\/users\/5"}],"replies":[{"embeddable":true,"href":"https:\/\/www.overseas-association.eu\/fr\/wp-json\/wp\/v2\/comments?post=5131"}],"version-history":[{"count":0,"href":"https:\/\/www.overseas-association.eu\/fr\/wp-json\/wp\/v2\/posts\/5131\/revisions"}],"wp:featuredmedia":[{"embeddable":true,"href":"https:\/\/www.overseas-association.eu\/fr\/wp-json\/wp\/v2\/media\/5132"}],"wp:attachment":[{"href":"https:\/\/www.overseas-association.eu\/fr\/wp-json\/wp\/v2\/media?parent=5131"}],"wp:term":[{"taxonomy":"category","embeddable":true,"href":"https:\/\/www.overseas-association.eu\/fr\/wp-json\/wp\/v2\/categories?post=5131"},{"taxonomy":"post_tag","embeddable":true,"href":"https:\/\/www.overseas-association.eu\/fr\/wp-json\/wp\/v2\/tags?post=5131"},{"taxonomy":"event_type","embeddable":true,"href":"https:\/\/www.overseas-association.eu\/fr\/wp-json\/wp\/v2\/event_type?post=5131"}],"curies":[{"name":"wp","href":"https:\/\/api.w.org\/{rel}","templated":true}]}}