{"id":4112,"date":"2021-03-29T14:46:24","date_gmt":"2021-03-29T12:46:24","guid":{"rendered":"https:\/\/www.overseas-association.eu\/?p=4112"},"modified":"2021-04-06T14:46:45","modified_gmt":"2021-04-06T12:46:45","slug":"signature-dun-partenariat-entre-la-france-et-la-communaute-du-pacifique","status":"publish","type":"post","link":"https:\/\/www.overseas-association.eu\/fr\/signature-dun-partenariat-entre-la-france-et-la-communaute-du-pacifique\/","title":{"rendered":"Signature d\u2019un partenariat entre la France et la Communaut\u00e9 du Pacifique"},"content":{"rendered":"<p style=\"text-align: justify;\">Le 28 janvier, M.\u00a0Jean-Yves Le Drian, ministre de l\u2019Europe et des affaires \u00e9trang\u00e8res, et M.\u00a0Stuart Minchin, Directeur g\u00e9n\u00e9ral de la Communaut\u00e9 du Pacifique (CPS) ont sign\u00e9 \u00e0 distance le <strong>partenariat pluriannuel de coop\u00e9ration entre la France et la Communaut\u00e9 du Pacifique <\/strong> (CPS).<\/p>\n<p style=\"text-align: justify;\">Cela vient renforcer les relations \u00e9tablies depuis 74 ans entre la France, membre fondateur de la CPS, et la plus importante organisation technique et scientifique intergouvernementale du Pacifique, compos\u00e9e de 26 membres.<\/p>\n<p style=\"text-align: justify;\">Ce nouveau cadre permettra de renforcer l\u2019action commune et multilat\u00e9rale, dans quatre domaines prioritaires que sont la sant\u00e9 publique, le changement climatique, l\u2019oc\u00e9an et la gestion durable des ressources naturelles, ainsi que de promouvoir les valeurs communes, dont l\u2019\u00e9galit\u00e9 entre les femmes et les hommes.<\/p>\n<p style=\"text-align: justify;\">\u00ab\u00a0L\u2019Initiative Kiwa\u00a0\u00bb, initiative multi-bailleurs pour l\u2019adaptation au changement climatique et la pr\u00e9servation de la biodiversit\u00e9 dans le Pacifique pilot\u00e9e par l\u2019Agence fran\u00e7aise de d\u00e9veloppement et dot\u00e9e de 35 M Euros &#8211; dont 13 M Euros par la France et 14 M Euros par l\u2019Union europ\u00e9enne &#8211; est une illustration r\u00e9cente de l\u2019excellente relation qui existe entre la CPS et la France.<\/p>\n<p>Pour plus d\u2019informations\u00a0: <a class=\"spip_url spip_out auto\" href=\"https:\/\/www.spc.int\/fr\/actualite\/communiques\/media-release\/2021\/01\/signature-dun-partenariat-entre-la-france-et-la\" rel=\"nofollow external\">https:\/\/www.spc.int\/fr\/actualite\/communiques\/media-release\/2021\/01\/signature-dun-partenariat-entre-la-france-et-la<\/a><\/p>\n","protected":false},"excerpt":{"rendered":"<p>Le 28 janvier, M.\u00a0Jean-Yves Le Drian, ministre de l\u2019Europe et des affaires \u00e9trang\u00e8res, et M.\u00a0Stuart Minchin, Directeur g\u00e9n\u00e9ral de la Communaut\u00e9 du Pacifique (CPS) ont sign\u00e9 \u00e0 distance le partenariat pluriannuel de coop\u00e9ration entre la France et la Communaut\u00e9 du Pacifique (CPS). Cela vient renforcer les relations \u00e9tablies depuis 74 ans entre la France, membre [&hellip;]<\/p>\n","protected":false},"author":5,"featured_media":4107,"comment_status":"closed","ping_status":"closed","sticky":false,"template":"","format":"standard","meta":{"_acf_changed":false,"footnotes":""},"categories":[239],"tags":[],"event_type":[],"class_list":["post-4112","post","type-post","status-publish","format-standard","has-post-thumbnail","hentry","category-news"],"acf":[],"yoast_head":"<!-- This site is optimized with the Yoast SEO plugin v27.5 - https:\/\/yoast.com\/product\/yoast-seo-wordpress\/ -->\n<title>Signature d\u2019un partenariat entre la France et la Communaut\u00e9 du Pacifique - OCTA<\/title>\n<meta name=\"robots\" content=\"index, follow, max-snippet:-1, max-image-preview:large, max-video-preview:-1\" \/>\n<link rel=\"canonical\" href=\"https:\/\/www.overseas-association.eu\/fr\/signature-dun-partenariat-entre-la-france-et-la-communaute-du-pacifique\/\" \/>\n<meta property=\"og:locale\" content=\"fr_FR\" \/>\n<meta property=\"og:type\" content=\"article\" \/>\n<meta property=\"og:title\" content=\"Signature d\u2019un partenariat entre la France et la Communaut\u00e9 du Pacifique - OCTA\" \/>\n<meta property=\"og:description\" content=\"Le 28 janvier, M.\u00a0Jean-Yves Le Drian, ministre de l\u2019Europe et des affaires \u00e9trang\u00e8res, et M.\u00a0Stuart Minchin, Directeur g\u00e9n\u00e9ral de la Communaut\u00e9 du Pacifique (CPS) ont sign\u00e9 \u00e0 distance le partenariat pluriannuel de coop\u00e9ration entre la France et la Communaut\u00e9 du Pacifique (CPS). Cela vient renforcer les relations \u00e9tablies depuis 74 ans entre la France, membre [&hellip;]\" \/>\n<meta property=\"og:url\" content=\"https:\/\/www.overseas-association.eu\/fr\/signature-dun-partenariat-entre-la-france-et-la-communaute-du-pacifique\/\" \/>\n<meta property=\"og:site_name\" content=\"OCTA\" \/>\n<meta property=\"article:published_time\" content=\"2021-03-29T12:46:24+00:00\" \/>\n<meta property=\"article:modified_time\" content=\"2021-04-06T12:46:45+00:00\" \/>\n<meta property=\"og:image\" content=\"https:\/\/www.overseas-association.eu\/content\/uploads\/2021\/04\/Pacific-community.png\" \/>\n\t<meta property=\"og:image:width\" content=\"518\" \/>\n\t<meta property=\"og:image:height\" content=\"260\" \/>\n\t<meta property=\"og:image:type\" content=\"image\/png\" \/>\n<meta name=\"author\" content=\"Marta Fern\u00e1ndez Fornieles\" \/>\n<meta name=\"twitter:card\" content=\"summary_large_image\" \/>\n<meta name=\"twitter:label1\" content=\"\u00c9crit par\" \/>\n\t<meta name=\"twitter:data1\" content=\"Marta Fern\u00e1ndez Fornieles\" \/>\n\t<meta name=\"twitter:label2\" content=\"Dur\u00e9e de lecture estim\u00e9e\" \/>\n\t<meta name=\"twitter:data2\" content=\"1 minute\" \/>\n<script type=\"application\/ld+json\" class=\"yoast-schema-graph\">{\"@context\":\"https:\\\/\\\/schema.org\",\"@graph\":[{\"@type\":\"Article\",\"@id\":\"https:\\\/\\\/www.overseas-association.eu\\\/fr\\\/signature-dun-partenariat-entre-la-france-et-la-communaute-du-pacifique\\\/#article\",\"isPartOf\":{\"@id\":\"https:\\\/\\\/www.overseas-association.eu\\\/fr\\\/signature-dun-partenariat-entre-la-france-et-la-communaute-du-pacifique\\\/\"},\"author\":{\"name\":\"Marta Fern\u00e1ndez Fornieles\",\"@id\":\"https:\\\/\\\/www.overseas-association.eu\\\/fr\\\/#\\\/schema\\\/person\\\/ba93d459c87253e3c8a3dd21e4e00c00\"},\"headline\":\"Signature d\u2019un partenariat entre la France et la Communaut\u00e9 du Pacifique\",\"datePublished\":\"2021-03-29T12:46:24+00:00\",\"dateModified\":\"2021-04-06T12:46:45+00:00\",\"mainEntityOfPage\":{\"@id\":\"https:\\\/\\\/www.overseas-association.eu\\\/fr\\\/signature-dun-partenariat-entre-la-france-et-la-communaute-du-pacifique\\\/\"},\"wordCount\":223,\"publisher\":{\"@id\":\"https:\\\/\\\/www.overseas-association.eu\\\/fr\\\/#organization\"},\"image\":{\"@id\":\"https:\\\/\\\/www.overseas-association.eu\\\/fr\\\/signature-dun-partenariat-entre-la-france-et-la-communaute-du-pacifique\\\/#primaryimage\"},\"thumbnailUrl\":\"https:\\\/\\\/www.overseas-association.eu\\\/content\\\/uploads\\\/2021\\\/04\\\/Pacific-community.png\",\"articleSection\":[\"ACTUALITE\"],\"inLanguage\":\"fr-FR\"},{\"@type\":\"WebPage\",\"@id\":\"https:\\\/\\\/www.overseas-association.eu\\\/fr\\\/signature-dun-partenariat-entre-la-france-et-la-communaute-du-pacifique\\\/\",\"url\":\"https:\\\/\\\/www.overseas-association.eu\\\/fr\\\/signature-dun-partenariat-entre-la-france-et-la-communaute-du-pacifique\\\/\",\"name\":\"Signature d\u2019un partenariat entre la France et la Communaut\u00e9 du Pacifique - OCTA\",\"isPartOf\":{\"@id\":\"https:\\\/\\\/www.overseas-association.eu\\\/fr\\\/#website\"},\"primaryImageOfPage\":{\"@id\":\"https:\\\/\\\/www.overseas-association.eu\\\/fr\\\/signature-dun-partenariat-entre-la-france-et-la-communaute-du-pacifique\\\/#primaryimage\"},\"image\":{\"@id\":\"https:\\\/\\\/www.overseas-association.eu\\\/fr\\\/signature-dun-partenariat-entre-la-france-et-la-communaute-du-pacifique\\\/#primaryimage\"},\"thumbnailUrl\":\"https:\\\/\\\/www.overseas-association.eu\\\/content\\\/uploads\\\/2021\\\/04\\\/Pacific-community.png\",\"datePublished\":\"2021-03-29T12:46:24+00:00\",\"dateModified\":\"2021-04-06T12:46:45+00:00\",\"breadcrumb\":{\"@id\":\"https:\\\/\\\/www.overseas-association.eu\\\/fr\\\/signature-dun-partenariat-entre-la-france-et-la-communaute-du-pacifique\\\/#breadcrumb\"},\"inLanguage\":\"fr-FR\",\"potentialAction\":[{\"@type\":\"ReadAction\",\"target\":[\"https:\\\/\\\/www.overseas-association.eu\\\/fr\\\/signature-dun-partenariat-entre-la-france-et-la-communaute-du-pacifique\\\/\"]}]},{\"@type\":\"ImageObject\",\"inLanguage\":\"fr-FR\",\"@id\":\"https:\\\/\\\/www.overseas-association.eu\\\/fr\\\/signature-dun-partenariat-entre-la-france-et-la-communaute-du-pacifique\\\/#primaryimage\",\"url\":\"https:\\\/\\\/www.overseas-association.eu\\\/content\\\/uploads\\\/2021\\\/04\\\/Pacific-community.png\",\"contentUrl\":\"https:\\\/\\\/www.overseas-association.eu\\\/content\\\/uploads\\\/2021\\\/04\\\/Pacific-community.png\",\"width\":518,\"height\":260},{\"@type\":\"BreadcrumbList\",\"@id\":\"https:\\\/\\\/www.overseas-association.eu\\\/fr\\\/signature-dun-partenariat-entre-la-france-et-la-communaute-du-pacifique\\\/#breadcrumb\",\"itemListElement\":[{\"@type\":\"ListItem\",\"position\":1,\"name\":\"Home\",\"item\":\"https:\\\/\\\/www.overseas-association.eu\\\/fr\\\/\"},{\"@type\":\"ListItem\",\"position\":2,\"name\":\"Signature d\u2019un partenariat entre la France et la Communaut\u00e9 du Pacifique\"}]},{\"@type\":\"WebSite\",\"@id\":\"https:\\\/\\\/www.overseas-association.eu\\\/fr\\\/#website\",\"url\":\"https:\\\/\\\/www.overseas-association.eu\\\/fr\\\/\",\"name\":\"OCTA\",\"description\":\"Overseas Countries and Territories Association\",\"publisher\":{\"@id\":\"https:\\\/\\\/www.overseas-association.eu\\\/fr\\\/#organization\"},\"potentialAction\":[{\"@type\":\"SearchAction\",\"target\":{\"@type\":\"EntryPoint\",\"urlTemplate\":\"https:\\\/\\\/www.overseas-association.eu\\\/fr\\\/?s={search_term_string}\"},\"query-input\":{\"@type\":\"PropertyValueSpecification\",\"valueRequired\":true,\"valueName\":\"search_term_string\"}}],\"inLanguage\":\"fr-FR\"},{\"@type\":\"Organization\",\"@id\":\"https:\\\/\\\/www.overseas-association.eu\\\/fr\\\/#organization\",\"name\":\"Overseas Countries and Territories Association\",\"url\":\"https:\\\/\\\/www.overseas-association.eu\\\/fr\\\/\",\"logo\":{\"@type\":\"ImageObject\",\"inLanguage\":\"fr-FR\",\"@id\":\"https:\\\/\\\/www.overseas-association.eu\\\/fr\\\/#\\\/schema\\\/logo\\\/image\\\/\",\"url\":\"https:\\\/\\\/www.overseas-association.eu\\\/content\\\/uploads\\\/2021\\\/03\\\/logo.png\",\"contentUrl\":\"https:\\\/\\\/www.overseas-association.eu\\\/content\\\/uploads\\\/2021\\\/03\\\/logo.png\",\"width\":316,\"height\":134,\"caption\":\"Overseas Countries and Territories Association\"},\"image\":{\"@id\":\"https:\\\/\\\/www.overseas-association.eu\\\/fr\\\/#\\\/schema\\\/logo\\\/image\\\/\"}},{\"@type\":\"Person\",\"@id\":\"https:\\\/\\\/www.overseas-association.eu\\\/fr\\\/#\\\/schema\\\/person\\\/ba93d459c87253e3c8a3dd21e4e00c00\",\"name\":\"Marta Fern\u00e1ndez Fornieles\",\"url\":\"https:\\\/\\\/www.overseas-association.eu\\\/fr\\\/author\\\/marta_octa\\\/\"}]}<\/script>\n<!-- \/ Yoast SEO plugin. -->","yoast_head_json":{"title":"Signature d\u2019un partenariat entre la France et la Communaut\u00e9 du Pacifique - OCTA","robots":{"index":"index","follow":"follow","max-snippet":"max-snippet:-1","max-image-preview":"max-image-preview:large","max-video-preview":"max-video-preview:-1"},"canonical":"https:\/\/www.overseas-association.eu\/fr\/signature-dun-partenariat-entre-la-france-et-la-communaute-du-pacifique\/","og_locale":"fr_FR","og_type":"article","og_title":"Signature d\u2019un partenariat entre la France et la Communaut\u00e9 du Pacifique - OCTA","og_description":"Le 28 janvier, M.\u00a0Jean-Yves Le Drian, ministre de l\u2019Europe et des affaires \u00e9trang\u00e8res, et M.\u00a0Stuart Minchin, Directeur g\u00e9n\u00e9ral de la Communaut\u00e9 du Pacifique (CPS) ont sign\u00e9 \u00e0 distance le partenariat pluriannuel de coop\u00e9ration entre la France et la Communaut\u00e9 du Pacifique (CPS). Cela vient renforcer les relations \u00e9tablies depuis 74 ans entre la France, membre [&hellip;]","og_url":"https:\/\/www.overseas-association.eu\/fr\/signature-dun-partenariat-entre-la-france-et-la-communaute-du-pacifique\/","og_site_name":"OCTA","article_published_time":"2021-03-29T12:46:24+00:00","article_modified_time":"2021-04-06T12:46:45+00:00","og_image":[{"width":518,"height":260,"url":"https:\/\/www.overseas-association.eu\/content\/uploads\/2021\/04\/Pacific-community.png","type":"image\/png"}],"author":"Marta Fern\u00e1ndez Fornieles","twitter_card":"summary_large_image","twitter_misc":{"\u00c9crit par":"Marta Fern\u00e1ndez Fornieles","Dur\u00e9e de lecture estim\u00e9e":"1 minute"},"schema":{"@context":"https:\/\/schema.org","@graph":[{"@type":"Article","@id":"https:\/\/www.overseas-association.eu\/fr\/signature-dun-partenariat-entre-la-france-et-la-communaute-du-pacifique\/#article","isPartOf":{"@id":"https:\/\/www.overseas-association.eu\/fr\/signature-dun-partenariat-entre-la-france-et-la-communaute-du-pacifique\/"},"author":{"name":"Marta Fern\u00e1ndez Fornieles","@id":"https:\/\/www.overseas-association.eu\/fr\/#\/schema\/person\/ba93d459c87253e3c8a3dd21e4e00c00"},"headline":"Signature d\u2019un partenariat entre la France et la Communaut\u00e9 du Pacifique","datePublished":"2021-03-29T12:46:24+00:00","dateModified":"2021-04-06T12:46:45+00:00","mainEntityOfPage":{"@id":"https:\/\/www.overseas-association.eu\/fr\/signature-dun-partenariat-entre-la-france-et-la-communaute-du-pacifique\/"},"wordCount":223,"publisher":{"@id":"https:\/\/www.overseas-association.eu\/fr\/#organization"},"image":{"@id":"https:\/\/www.overseas-association.eu\/fr\/signature-dun-partenariat-entre-la-france-et-la-communaute-du-pacifique\/#primaryimage"},"thumbnailUrl":"https:\/\/www.overseas-association.eu\/content\/uploads\/2021\/04\/Pacific-community.png","articleSection":["ACTUALITE"],"inLanguage":"fr-FR"},{"@type":"WebPage","@id":"https:\/\/www.overseas-association.eu\/fr\/signature-dun-partenariat-entre-la-france-et-la-communaute-du-pacifique\/","url":"https:\/\/www.overseas-association.eu\/fr\/signature-dun-partenariat-entre-la-france-et-la-communaute-du-pacifique\/","name":"Signature d\u2019un partenariat entre la France et la Communaut\u00e9 du Pacifique - OCTA","isPartOf":{"@id":"https:\/\/www.overseas-association.eu\/fr\/#website"},"primaryImageOfPage":{"@id":"https:\/\/www.overseas-association.eu\/fr\/signature-dun-partenariat-entre-la-france-et-la-communaute-du-pacifique\/#primaryimage"},"image":{"@id":"https:\/\/www.overseas-association.eu\/fr\/signature-dun-partenariat-entre-la-france-et-la-communaute-du-pacifique\/#primaryimage"},"thumbnailUrl":"https:\/\/www.overseas-association.eu\/content\/uploads\/2021\/04\/Pacific-community.png","datePublished":"2021-03-29T12:46:24+00:00","dateModified":"2021-04-06T12:46:45+00:00","breadcrumb":{"@id":"https:\/\/www.overseas-association.eu\/fr\/signature-dun-partenariat-entre-la-france-et-la-communaute-du-pacifique\/#breadcrumb"},"inLanguage":"fr-FR","potentialAction":[{"@type":"ReadAction","target":["https:\/\/www.overseas-association.eu\/fr\/signature-dun-partenariat-entre-la-france-et-la-communaute-du-pacifique\/"]}]},{"@type":"ImageObject","inLanguage":"fr-FR","@id":"https:\/\/www.overseas-association.eu\/fr\/signature-dun-partenariat-entre-la-france-et-la-communaute-du-pacifique\/#primaryimage","url":"https:\/\/www.overseas-association.eu\/content\/uploads\/2021\/04\/Pacific-community.png","contentUrl":"https:\/\/www.overseas-association.eu\/content\/uploads\/2021\/04\/Pacific-community.png","width":518,"height":260},{"@type":"BreadcrumbList","@id":"https:\/\/www.overseas-association.eu\/fr\/signature-dun-partenariat-entre-la-france-et-la-communaute-du-pacifique\/#breadcrumb","itemListElement":[{"@type":"ListItem","position":1,"name":"Home","item":"https:\/\/www.overseas-association.eu\/fr\/"},{"@type":"ListItem","position":2,"name":"Signature d\u2019un partenariat entre la France et la Communaut\u00e9 du Pacifique"}]},{"@type":"WebSite","@id":"https:\/\/www.overseas-association.eu\/fr\/#website","url":"https:\/\/www.overseas-association.eu\/fr\/","name":"OCTA","description":"Overseas Countries and Territories Association","publisher":{"@id":"https:\/\/www.overseas-association.eu\/fr\/#organization"},"potentialAction":[{"@type":"SearchAction","target":{"@type":"EntryPoint","urlTemplate":"https:\/\/www.overseas-association.eu\/fr\/?s={search_term_string}"},"query-input":{"@type":"PropertyValueSpecification","valueRequired":true,"valueName":"search_term_string"}}],"inLanguage":"fr-FR"},{"@type":"Organization","@id":"https:\/\/www.overseas-association.eu\/fr\/#organization","name":"Overseas Countries and Territories Association","url":"https:\/\/www.overseas-association.eu\/fr\/","logo":{"@type":"ImageObject","inLanguage":"fr-FR","@id":"https:\/\/www.overseas-association.eu\/fr\/#\/schema\/logo\/image\/","url":"https:\/\/www.overseas-association.eu\/content\/uploads\/2021\/03\/logo.png","contentUrl":"https:\/\/www.overseas-association.eu\/content\/uploads\/2021\/03\/logo.png","width":316,"height":134,"caption":"Overseas Countries and Territories Association"},"image":{"@id":"https:\/\/www.overseas-association.eu\/fr\/#\/schema\/logo\/image\/"}},{"@type":"Person","@id":"https:\/\/www.overseas-association.eu\/fr\/#\/schema\/person\/ba93d459c87253e3c8a3dd21e4e00c00","name":"Marta Fern\u00e1ndez Fornieles","url":"https:\/\/www.overseas-association.eu\/fr\/author\/marta_octa\/"}]}},"_links":{"self":[{"href":"https:\/\/www.overseas-association.eu\/fr\/wp-json\/wp\/v2\/posts\/4112","targetHints":{"allow":["GET"]}}],"collection":[{"href":"https:\/\/www.overseas-association.eu\/fr\/wp-json\/wp\/v2\/posts"}],"about":[{"href":"https:\/\/www.overseas-association.eu\/fr\/wp-json\/wp\/v2\/types\/post"}],"author":[{"embeddable":true,"href":"https:\/\/www.overseas-association.eu\/fr\/wp-json\/wp\/v2\/users\/5"}],"replies":[{"embeddable":true,"href":"https:\/\/www.overseas-association.eu\/fr\/wp-json\/wp\/v2\/comments?post=4112"}],"version-history":[{"count":0,"href":"https:\/\/www.overseas-association.eu\/fr\/wp-json\/wp\/v2\/posts\/4112\/revisions"}],"wp:featuredmedia":[{"embeddable":true,"href":"https:\/\/www.overseas-association.eu\/fr\/wp-json\/wp\/v2\/media\/4107"}],"wp:attachment":[{"href":"https:\/\/www.overseas-association.eu\/fr\/wp-json\/wp\/v2\/media?parent=4112"}],"wp:term":[{"taxonomy":"category","embeddable":true,"href":"https:\/\/www.overseas-association.eu\/fr\/wp-json\/wp\/v2\/categories?post=4112"},{"taxonomy":"post_tag","embeddable":true,"href":"https:\/\/www.overseas-association.eu\/fr\/wp-json\/wp\/v2\/tags?post=4112"},{"taxonomy":"event_type","embeddable":true,"href":"https:\/\/www.overseas-association.eu\/fr\/wp-json\/wp\/v2\/event_type?post=4112"}],"curies":[{"name":"wp","href":"https:\/\/api.w.org\/{rel}","templated":true}]}}