{"id":4096,"date":"2021-03-23T14:15:52","date_gmt":"2021-03-23T13:15:52","guid":{"rendered":"https:\/\/www.overseas-association.eu\/?p=4096"},"modified":"2021-04-06T14:16:45","modified_gmt":"2021-04-06T12:16:45","slug":"lancement-de-la-8e-edition-de-celebrate-islands","status":"publish","type":"post","link":"https:\/\/www.overseas-association.eu\/fr\/lancement-de-la-8e-edition-de-celebrate-islands\/","title":{"rendered":"Lancement de la 8e \u00e9dition de CELEBRATE ISLANDS"},"content":{"rendered":"<p style=\"text-align: justify;\">La 8e \u00e9dition de CELEBRATE ISLANDS se tiendra du <strong>18 au 23 mai<\/strong> 2021, sur le th\u00e8me \u00ab\u00a0<strong>Prenons soin de nos \u00eeles<\/strong>\u00ab\u00a0.<\/p>\n<p style=\"text-align: justify;\">Pour cette \u00e9dition, il est possible de montrer comment il est pris soin des territoires en partageant des actions. Les personnes peuvent envoyer un court r\u00e9sum\u00e9 de leurs actions, des photos et des vid\u00e9os, et ce sera partag\u00e9 pendant la semaine du 18 mai.<\/p>\n<p style=\"text-align: justify;\">De plus, un concours vid\u00e9o donne aux participants la possibilit\u00e9 de mettre en \u0153uvre un petit projet sur leur \u00eele. Quatre prix de 3 000 \u20ac chacun sont d\u00e9cern\u00e9s.<\/p>\n<p>Pour plus d\u2019informations :<\/p>\n<ul>\n<li><a href=\"https:\/\/cnl.storage.orange-business.com\/invitations\/?share=eaed0c5f3db22387b680\">https:\/\/cnl.storage.orange-business.com\/invitations\/?share=eaed0c5f3db22387b680<\/a><\/li>\n<li><a href=\"https:\/\/www.facebook.com\/celebrateislands\">https:\/\/www.facebook.com\/celebrateislands<\/a><\/li>\n<\/ul>\n","protected":false},"excerpt":{"rendered":"<p>La 8e \u00e9dition de CELEBRATE ISLANDS se tiendra du 18 au 23 mai 2021, sur le th\u00e8me \u00ab\u00a0Prenons soin de nos \u00eeles\u00ab\u00a0. Pour cette \u00e9dition, il est possible de montrer comment il est pris soin des territoires en partageant des actions. Les personnes peuvent envoyer un court r\u00e9sum\u00e9 de leurs actions, des photos et des [&hellip;]<\/p>\n","protected":false},"author":5,"featured_media":4097,"comment_status":"closed","ping_status":"closed","sticky":false,"template":"","format":"standard","meta":{"_acf_changed":false,"footnotes":""},"categories":[239],"tags":[],"event_type":[],"class_list":["post-4096","post","type-post","status-publish","format-standard","has-post-thumbnail","hentry","category-news"],"acf":[],"yoast_head":"<!-- This site is optimized with the Yoast SEO plugin v27.5 - https:\/\/yoast.com\/product\/yoast-seo-wordpress\/ -->\n<title>Lancement de la 8e \u00e9dition de CELEBRATE ISLANDS - OCTA<\/title>\n<meta name=\"robots\" content=\"index, follow, max-snippet:-1, max-image-preview:large, max-video-preview:-1\" \/>\n<link rel=\"canonical\" href=\"https:\/\/www.overseas-association.eu\/fr\/lancement-de-la-8e-edition-de-celebrate-islands\/\" \/>\n<meta property=\"og:locale\" content=\"fr_FR\" \/>\n<meta property=\"og:type\" content=\"article\" \/>\n<meta property=\"og:title\" content=\"Lancement de la 8e \u00e9dition de CELEBRATE ISLANDS - OCTA\" \/>\n<meta property=\"og:description\" content=\"La 8e \u00e9dition de CELEBRATE ISLANDS se tiendra du 18 au 23 mai 2021, sur le th\u00e8me \u00ab\u00a0Prenons soin de nos \u00eeles\u00ab\u00a0. Pour cette \u00e9dition, il est possible de montrer comment il est pris soin des territoires en partageant des actions. Les personnes peuvent envoyer un court r\u00e9sum\u00e9 de leurs actions, des photos et des [&hellip;]\" \/>\n<meta property=\"og:url\" content=\"https:\/\/www.overseas-association.eu\/fr\/lancement-de-la-8e-edition-de-celebrate-islands\/\" \/>\n<meta property=\"og:site_name\" content=\"OCTA\" \/>\n<meta property=\"article:published_time\" content=\"2021-03-23T13:15:52+00:00\" \/>\n<meta property=\"article:modified_time\" content=\"2021-04-06T12:16:45+00:00\" \/>\n<meta property=\"og:image\" content=\"https:\/\/www.overseas-association.eu\/content\/uploads\/2021\/04\/CI2021-FR1-AFFICHE-hd_page-0001.jpg\" \/>\n\t<meta property=\"og:image:width\" content=\"2048\" \/>\n\t<meta property=\"og:image:height\" content=\"1448\" \/>\n\t<meta property=\"og:image:type\" content=\"image\/jpeg\" \/>\n<meta name=\"author\" content=\"Marta Fern\u00e1ndez Fornieles\" \/>\n<meta name=\"twitter:card\" content=\"summary_large_image\" \/>\n<meta name=\"twitter:label1\" content=\"\u00c9crit par\" \/>\n\t<meta name=\"twitter:data1\" content=\"Marta Fern\u00e1ndez Fornieles\" \/>\n\t<meta name=\"twitter:label2\" content=\"Dur\u00e9e de lecture estim\u00e9e\" \/>\n\t<meta name=\"twitter:data2\" content=\"1 minute\" \/>\n<script type=\"application\/ld+json\" class=\"yoast-schema-graph\">{\"@context\":\"https:\\\/\\\/schema.org\",\"@graph\":[{\"@type\":\"Article\",\"@id\":\"https:\\\/\\\/www.overseas-association.eu\\\/fr\\\/lancement-de-la-8e-edition-de-celebrate-islands\\\/#article\",\"isPartOf\":{\"@id\":\"https:\\\/\\\/www.overseas-association.eu\\\/fr\\\/lancement-de-la-8e-edition-de-celebrate-islands\\\/\"},\"author\":{\"name\":\"Marta Fern\u00e1ndez Fornieles\",\"@id\":\"https:\\\/\\\/www.overseas-association.eu\\\/fr\\\/#\\\/schema\\\/person\\\/ba93d459c87253e3c8a3dd21e4e00c00\"},\"headline\":\"Lancement de la 8e \u00e9dition de CELEBRATE ISLANDS\",\"datePublished\":\"2021-03-23T13:15:52+00:00\",\"dateModified\":\"2021-04-06T12:16:45+00:00\",\"mainEntityOfPage\":{\"@id\":\"https:\\\/\\\/www.overseas-association.eu\\\/fr\\\/lancement-de-la-8e-edition-de-celebrate-islands\\\/\"},\"wordCount\":123,\"publisher\":{\"@id\":\"https:\\\/\\\/www.overseas-association.eu\\\/fr\\\/#organization\"},\"image\":{\"@id\":\"https:\\\/\\\/www.overseas-association.eu\\\/fr\\\/lancement-de-la-8e-edition-de-celebrate-islands\\\/#primaryimage\"},\"thumbnailUrl\":\"https:\\\/\\\/www.overseas-association.eu\\\/content\\\/uploads\\\/2021\\\/04\\\/CI2021-FR1-AFFICHE-hd_page-0001.jpg\",\"articleSection\":[\"ACTUALITE\"],\"inLanguage\":\"fr-FR\"},{\"@type\":\"WebPage\",\"@id\":\"https:\\\/\\\/www.overseas-association.eu\\\/fr\\\/lancement-de-la-8e-edition-de-celebrate-islands\\\/\",\"url\":\"https:\\\/\\\/www.overseas-association.eu\\\/fr\\\/lancement-de-la-8e-edition-de-celebrate-islands\\\/\",\"name\":\"Lancement de la 8e \u00e9dition de CELEBRATE ISLANDS - OCTA\",\"isPartOf\":{\"@id\":\"https:\\\/\\\/www.overseas-association.eu\\\/fr\\\/#website\"},\"primaryImageOfPage\":{\"@id\":\"https:\\\/\\\/www.overseas-association.eu\\\/fr\\\/lancement-de-la-8e-edition-de-celebrate-islands\\\/#primaryimage\"},\"image\":{\"@id\":\"https:\\\/\\\/www.overseas-association.eu\\\/fr\\\/lancement-de-la-8e-edition-de-celebrate-islands\\\/#primaryimage\"},\"thumbnailUrl\":\"https:\\\/\\\/www.overseas-association.eu\\\/content\\\/uploads\\\/2021\\\/04\\\/CI2021-FR1-AFFICHE-hd_page-0001.jpg\",\"datePublished\":\"2021-03-23T13:15:52+00:00\",\"dateModified\":\"2021-04-06T12:16:45+00:00\",\"breadcrumb\":{\"@id\":\"https:\\\/\\\/www.overseas-association.eu\\\/fr\\\/lancement-de-la-8e-edition-de-celebrate-islands\\\/#breadcrumb\"},\"inLanguage\":\"fr-FR\",\"potentialAction\":[{\"@type\":\"ReadAction\",\"target\":[\"https:\\\/\\\/www.overseas-association.eu\\\/fr\\\/lancement-de-la-8e-edition-de-celebrate-islands\\\/\"]}]},{\"@type\":\"ImageObject\",\"inLanguage\":\"fr-FR\",\"@id\":\"https:\\\/\\\/www.overseas-association.eu\\\/fr\\\/lancement-de-la-8e-edition-de-celebrate-islands\\\/#primaryimage\",\"url\":\"https:\\\/\\\/www.overseas-association.eu\\\/content\\\/uploads\\\/2021\\\/04\\\/CI2021-FR1-AFFICHE-hd_page-0001.jpg\",\"contentUrl\":\"https:\\\/\\\/www.overseas-association.eu\\\/content\\\/uploads\\\/2021\\\/04\\\/CI2021-FR1-AFFICHE-hd_page-0001.jpg\",\"width\":2048,\"height\":1448},{\"@type\":\"BreadcrumbList\",\"@id\":\"https:\\\/\\\/www.overseas-association.eu\\\/fr\\\/lancement-de-la-8e-edition-de-celebrate-islands\\\/#breadcrumb\",\"itemListElement\":[{\"@type\":\"ListItem\",\"position\":1,\"name\":\"Home\",\"item\":\"https:\\\/\\\/www.overseas-association.eu\\\/fr\\\/\"},{\"@type\":\"ListItem\",\"position\":2,\"name\":\"Lancement de la 8e \u00e9dition de CELEBRATE ISLANDS\"}]},{\"@type\":\"WebSite\",\"@id\":\"https:\\\/\\\/www.overseas-association.eu\\\/fr\\\/#website\",\"url\":\"https:\\\/\\\/www.overseas-association.eu\\\/fr\\\/\",\"name\":\"OCTA\",\"description\":\"Overseas Countries and Territories Association\",\"publisher\":{\"@id\":\"https:\\\/\\\/www.overseas-association.eu\\\/fr\\\/#organization\"},\"potentialAction\":[{\"@type\":\"SearchAction\",\"target\":{\"@type\":\"EntryPoint\",\"urlTemplate\":\"https:\\\/\\\/www.overseas-association.eu\\\/fr\\\/?s={search_term_string}\"},\"query-input\":{\"@type\":\"PropertyValueSpecification\",\"valueRequired\":true,\"valueName\":\"search_term_string\"}}],\"inLanguage\":\"fr-FR\"},{\"@type\":\"Organization\",\"@id\":\"https:\\\/\\\/www.overseas-association.eu\\\/fr\\\/#organization\",\"name\":\"Overseas Countries and Territories Association\",\"url\":\"https:\\\/\\\/www.overseas-association.eu\\\/fr\\\/\",\"logo\":{\"@type\":\"ImageObject\",\"inLanguage\":\"fr-FR\",\"@id\":\"https:\\\/\\\/www.overseas-association.eu\\\/fr\\\/#\\\/schema\\\/logo\\\/image\\\/\",\"url\":\"https:\\\/\\\/www.overseas-association.eu\\\/content\\\/uploads\\\/2021\\\/03\\\/logo.png\",\"contentUrl\":\"https:\\\/\\\/www.overseas-association.eu\\\/content\\\/uploads\\\/2021\\\/03\\\/logo.png\",\"width\":316,\"height\":134,\"caption\":\"Overseas Countries and Territories Association\"},\"image\":{\"@id\":\"https:\\\/\\\/www.overseas-association.eu\\\/fr\\\/#\\\/schema\\\/logo\\\/image\\\/\"}},{\"@type\":\"Person\",\"@id\":\"https:\\\/\\\/www.overseas-association.eu\\\/fr\\\/#\\\/schema\\\/person\\\/ba93d459c87253e3c8a3dd21e4e00c00\",\"name\":\"Marta Fern\u00e1ndez Fornieles\",\"url\":\"https:\\\/\\\/www.overseas-association.eu\\\/fr\\\/author\\\/marta_octa\\\/\"}]}<\/script>\n<!-- \/ Yoast SEO plugin. -->","yoast_head_json":{"title":"Lancement de la 8e \u00e9dition de CELEBRATE ISLANDS - OCTA","robots":{"index":"index","follow":"follow","max-snippet":"max-snippet:-1","max-image-preview":"max-image-preview:large","max-video-preview":"max-video-preview:-1"},"canonical":"https:\/\/www.overseas-association.eu\/fr\/lancement-de-la-8e-edition-de-celebrate-islands\/","og_locale":"fr_FR","og_type":"article","og_title":"Lancement de la 8e \u00e9dition de CELEBRATE ISLANDS - OCTA","og_description":"La 8e \u00e9dition de CELEBRATE ISLANDS se tiendra du 18 au 23 mai 2021, sur le th\u00e8me \u00ab\u00a0Prenons soin de nos \u00eeles\u00ab\u00a0. Pour cette \u00e9dition, il est possible de montrer comment il est pris soin des territoires en partageant des actions. Les personnes peuvent envoyer un court r\u00e9sum\u00e9 de leurs actions, des photos et des [&hellip;]","og_url":"https:\/\/www.overseas-association.eu\/fr\/lancement-de-la-8e-edition-de-celebrate-islands\/","og_site_name":"OCTA","article_published_time":"2021-03-23T13:15:52+00:00","article_modified_time":"2021-04-06T12:16:45+00:00","og_image":[{"width":2048,"height":1448,"url":"https:\/\/www.overseas-association.eu\/content\/uploads\/2021\/04\/CI2021-FR1-AFFICHE-hd_page-0001.jpg","type":"image\/jpeg"}],"author":"Marta Fern\u00e1ndez Fornieles","twitter_card":"summary_large_image","twitter_misc":{"\u00c9crit par":"Marta Fern\u00e1ndez Fornieles","Dur\u00e9e de lecture estim\u00e9e":"1 minute"},"schema":{"@context":"https:\/\/schema.org","@graph":[{"@type":"Article","@id":"https:\/\/www.overseas-association.eu\/fr\/lancement-de-la-8e-edition-de-celebrate-islands\/#article","isPartOf":{"@id":"https:\/\/www.overseas-association.eu\/fr\/lancement-de-la-8e-edition-de-celebrate-islands\/"},"author":{"name":"Marta Fern\u00e1ndez Fornieles","@id":"https:\/\/www.overseas-association.eu\/fr\/#\/schema\/person\/ba93d459c87253e3c8a3dd21e4e00c00"},"headline":"Lancement de la 8e \u00e9dition de CELEBRATE ISLANDS","datePublished":"2021-03-23T13:15:52+00:00","dateModified":"2021-04-06T12:16:45+00:00","mainEntityOfPage":{"@id":"https:\/\/www.overseas-association.eu\/fr\/lancement-de-la-8e-edition-de-celebrate-islands\/"},"wordCount":123,"publisher":{"@id":"https:\/\/www.overseas-association.eu\/fr\/#organization"},"image":{"@id":"https:\/\/www.overseas-association.eu\/fr\/lancement-de-la-8e-edition-de-celebrate-islands\/#primaryimage"},"thumbnailUrl":"https:\/\/www.overseas-association.eu\/content\/uploads\/2021\/04\/CI2021-FR1-AFFICHE-hd_page-0001.jpg","articleSection":["ACTUALITE"],"inLanguage":"fr-FR"},{"@type":"WebPage","@id":"https:\/\/www.overseas-association.eu\/fr\/lancement-de-la-8e-edition-de-celebrate-islands\/","url":"https:\/\/www.overseas-association.eu\/fr\/lancement-de-la-8e-edition-de-celebrate-islands\/","name":"Lancement de la 8e \u00e9dition de CELEBRATE ISLANDS - OCTA","isPartOf":{"@id":"https:\/\/www.overseas-association.eu\/fr\/#website"},"primaryImageOfPage":{"@id":"https:\/\/www.overseas-association.eu\/fr\/lancement-de-la-8e-edition-de-celebrate-islands\/#primaryimage"},"image":{"@id":"https:\/\/www.overseas-association.eu\/fr\/lancement-de-la-8e-edition-de-celebrate-islands\/#primaryimage"},"thumbnailUrl":"https:\/\/www.overseas-association.eu\/content\/uploads\/2021\/04\/CI2021-FR1-AFFICHE-hd_page-0001.jpg","datePublished":"2021-03-23T13:15:52+00:00","dateModified":"2021-04-06T12:16:45+00:00","breadcrumb":{"@id":"https:\/\/www.overseas-association.eu\/fr\/lancement-de-la-8e-edition-de-celebrate-islands\/#breadcrumb"},"inLanguage":"fr-FR","potentialAction":[{"@type":"ReadAction","target":["https:\/\/www.overseas-association.eu\/fr\/lancement-de-la-8e-edition-de-celebrate-islands\/"]}]},{"@type":"ImageObject","inLanguage":"fr-FR","@id":"https:\/\/www.overseas-association.eu\/fr\/lancement-de-la-8e-edition-de-celebrate-islands\/#primaryimage","url":"https:\/\/www.overseas-association.eu\/content\/uploads\/2021\/04\/CI2021-FR1-AFFICHE-hd_page-0001.jpg","contentUrl":"https:\/\/www.overseas-association.eu\/content\/uploads\/2021\/04\/CI2021-FR1-AFFICHE-hd_page-0001.jpg","width":2048,"height":1448},{"@type":"BreadcrumbList","@id":"https:\/\/www.overseas-association.eu\/fr\/lancement-de-la-8e-edition-de-celebrate-islands\/#breadcrumb","itemListElement":[{"@type":"ListItem","position":1,"name":"Home","item":"https:\/\/www.overseas-association.eu\/fr\/"},{"@type":"ListItem","position":2,"name":"Lancement de la 8e \u00e9dition de CELEBRATE ISLANDS"}]},{"@type":"WebSite","@id":"https:\/\/www.overseas-association.eu\/fr\/#website","url":"https:\/\/www.overseas-association.eu\/fr\/","name":"OCTA","description":"Overseas Countries and Territories Association","publisher":{"@id":"https:\/\/www.overseas-association.eu\/fr\/#organization"},"potentialAction":[{"@type":"SearchAction","target":{"@type":"EntryPoint","urlTemplate":"https:\/\/www.overseas-association.eu\/fr\/?s={search_term_string}"},"query-input":{"@type":"PropertyValueSpecification","valueRequired":true,"valueName":"search_term_string"}}],"inLanguage":"fr-FR"},{"@type":"Organization","@id":"https:\/\/www.overseas-association.eu\/fr\/#organization","name":"Overseas Countries and Territories Association","url":"https:\/\/www.overseas-association.eu\/fr\/","logo":{"@type":"ImageObject","inLanguage":"fr-FR","@id":"https:\/\/www.overseas-association.eu\/fr\/#\/schema\/logo\/image\/","url":"https:\/\/www.overseas-association.eu\/content\/uploads\/2021\/03\/logo.png","contentUrl":"https:\/\/www.overseas-association.eu\/content\/uploads\/2021\/03\/logo.png","width":316,"height":134,"caption":"Overseas Countries and Territories Association"},"image":{"@id":"https:\/\/www.overseas-association.eu\/fr\/#\/schema\/logo\/image\/"}},{"@type":"Person","@id":"https:\/\/www.overseas-association.eu\/fr\/#\/schema\/person\/ba93d459c87253e3c8a3dd21e4e00c00","name":"Marta Fern\u00e1ndez Fornieles","url":"https:\/\/www.overseas-association.eu\/fr\/author\/marta_octa\/"}]}},"_links":{"self":[{"href":"https:\/\/www.overseas-association.eu\/fr\/wp-json\/wp\/v2\/posts\/4096","targetHints":{"allow":["GET"]}}],"collection":[{"href":"https:\/\/www.overseas-association.eu\/fr\/wp-json\/wp\/v2\/posts"}],"about":[{"href":"https:\/\/www.overseas-association.eu\/fr\/wp-json\/wp\/v2\/types\/post"}],"author":[{"embeddable":true,"href":"https:\/\/www.overseas-association.eu\/fr\/wp-json\/wp\/v2\/users\/5"}],"replies":[{"embeddable":true,"href":"https:\/\/www.overseas-association.eu\/fr\/wp-json\/wp\/v2\/comments?post=4096"}],"version-history":[{"count":0,"href":"https:\/\/www.overseas-association.eu\/fr\/wp-json\/wp\/v2\/posts\/4096\/revisions"}],"wp:featuredmedia":[{"embeddable":true,"href":"https:\/\/www.overseas-association.eu\/fr\/wp-json\/wp\/v2\/media\/4097"}],"wp:attachment":[{"href":"https:\/\/www.overseas-association.eu\/fr\/wp-json\/wp\/v2\/media?parent=4096"}],"wp:term":[{"taxonomy":"category","embeddable":true,"href":"https:\/\/www.overseas-association.eu\/fr\/wp-json\/wp\/v2\/categories?post=4096"},{"taxonomy":"post_tag","embeddable":true,"href":"https:\/\/www.overseas-association.eu\/fr\/wp-json\/wp\/v2\/tags?post=4096"},{"taxonomy":"event_type","embeddable":true,"href":"https:\/\/www.overseas-association.eu\/fr\/wp-json\/wp\/v2\/event_type?post=4096"}],"curies":[{"name":"wp","href":"https:\/\/api.w.org\/{rel}","templated":true}]}}