{"id":4065,"date":"2020-12-08T12:13:55","date_gmt":"2020-12-08T11:13:55","guid":{"rendered":"https:\/\/www.overseas-association.eu\/?p=4065"},"modified":"2021-04-13T10:45:41","modified_gmt":"2021-04-13T08:45:41","slug":"conference-ministerielle-de-locta","status":"publish","type":"post","link":"https:\/\/www.overseas-association.eu\/fr\/conference-ministerielle-de-locta\/","title":{"rendered":"Conf\u00e9rence Minist\u00e9rielle de l&rsquo;OCTA"},"content":{"rendered":"<p style=\"text-align: justify;\">Le 8 d\u00e9cembre, la Conf\u00e9rence minist\u00e9rielle de l\u2019OCTA s\u2019est d\u00e9roul\u00e9e virtuellement et a \u00e9t\u00e9 pr\u00e9sid\u00e9e par Cura\u00e7ao.<\/p>\n<p style=\"text-align: justify;\">Les membres ont \u00e9chang\u00e9 sur l\u2019impact de la crise dans les PTOM, au cours de cette derni\u00e8re ann\u00e9e de mise en \u0153uvre de la D\u00e9cision d\u2019Association Outre-mer (DAO) de 2013, sur le prochain partenariat r\u00e9vis\u00e9 pour 2021-2027 et sur l\u2019impact de Brexit.<\/p>\n<p style=\"text-align: justify;\">Les 22 membres de l\u2019OCTA \u00e9taient pr\u00e9sents et la d\u00e9claration politique a \u00e9t\u00e9 adopt\u00e9e.<\/p>\n<p style=\"text-align: justify;\">M. Thierry Santa, le Pr\u00e9sident du gouvernement de la Nouvelle-Cal\u00e9donie, a \u00e9t\u00e9 \u00e9lu Pr\u00e9sident de l\u2019OCTA.<\/p>\n<p>Pour plus d\u2019informations sur la d\u00e9claration politique, cliquez ici\u00a0: <a href=\"https:\/\/www.overseas-association.eu\/content\/uploads\/2021\/04\/octa_2020_mc_political_declaration_fr.pdf\" target=\"_blank\" rel=\"noopener\">D\u00e9claration Politique <\/a><\/p>\n","protected":false},"excerpt":{"rendered":"<p>Le 8 d\u00e9cembre, la Conf\u00e9rence minist\u00e9rielle de l\u2019OCTA s\u2019est d\u00e9roul\u00e9e virtuellement et a \u00e9t\u00e9 pr\u00e9sid\u00e9e par Cura\u00e7ao. Les membres ont \u00e9chang\u00e9 sur l\u2019impact de la crise dans les PTOM, au cours de cette derni\u00e8re ann\u00e9e de mise en \u0153uvre de la D\u00e9cision d\u2019Association Outre-mer (DAO) de 2013, sur le prochain partenariat r\u00e9vis\u00e9 pour 2021-2027 et [&hellip;]<\/p>\n","protected":false},"author":5,"featured_media":4412,"comment_status":"closed","ping_status":"closed","sticky":false,"template":"","format":"standard","meta":{"_acf_changed":false,"footnotes":""},"categories":[239],"tags":[],"event_type":[],"class_list":["post-4065","post","type-post","status-publish","format-standard","has-post-thumbnail","hentry","category-news"],"acf":[],"yoast_head":"<!-- This site is optimized with the Yoast SEO plugin v27.5 - https:\/\/yoast.com\/product\/yoast-seo-wordpress\/ -->\n<title>Conf\u00e9rence Minist\u00e9rielle de l&#039;OCTA - OCTA<\/title>\n<meta name=\"robots\" content=\"index, follow, max-snippet:-1, max-image-preview:large, max-video-preview:-1\" \/>\n<link rel=\"canonical\" href=\"https:\/\/www.overseas-association.eu\/fr\/conference-ministerielle-de-locta\/\" \/>\n<meta property=\"og:locale\" content=\"fr_FR\" \/>\n<meta property=\"og:type\" content=\"article\" \/>\n<meta property=\"og:title\" content=\"Conf\u00e9rence Minist\u00e9rielle de l&#039;OCTA - OCTA\" \/>\n<meta property=\"og:description\" content=\"Le 8 d\u00e9cembre, la Conf\u00e9rence minist\u00e9rielle de l\u2019OCTA s\u2019est d\u00e9roul\u00e9e virtuellement et a \u00e9t\u00e9 pr\u00e9sid\u00e9e par Cura\u00e7ao. Les membres ont \u00e9chang\u00e9 sur l\u2019impact de la crise dans les PTOM, au cours de cette derni\u00e8re ann\u00e9e de mise en \u0153uvre de la D\u00e9cision d\u2019Association Outre-mer (DAO) de 2013, sur le prochain partenariat r\u00e9vis\u00e9 pour 2021-2027 et [&hellip;]\" \/>\n<meta property=\"og:url\" content=\"https:\/\/www.overseas-association.eu\/fr\/conference-ministerielle-de-locta\/\" \/>\n<meta property=\"og:site_name\" content=\"OCTA\" \/>\n<meta property=\"article:published_time\" content=\"2020-12-08T11:13:55+00:00\" \/>\n<meta property=\"article:modified_time\" content=\"2021-04-13T08:45:41+00:00\" \/>\n<meta property=\"og:image\" content=\"https:\/\/www.overseas-association.eu\/content\/uploads\/2020\/12\/CM-2020.png\" \/>\n\t<meta property=\"og:image:width\" content=\"1920\" \/>\n\t<meta property=\"og:image:height\" content=\"1080\" \/>\n\t<meta property=\"og:image:type\" content=\"image\/png\" \/>\n<meta name=\"author\" content=\"Marta Fern\u00e1ndez Fornieles\" \/>\n<meta name=\"twitter:card\" content=\"summary_large_image\" \/>\n<meta name=\"twitter:label1\" content=\"\u00c9crit par\" \/>\n\t<meta name=\"twitter:data1\" content=\"Marta Fern\u00e1ndez Fornieles\" \/>\n\t<meta name=\"twitter:label2\" content=\"Dur\u00e9e de lecture estim\u00e9e\" \/>\n\t<meta name=\"twitter:data2\" content=\"1 minute\" \/>\n<script type=\"application\/ld+json\" class=\"yoast-schema-graph\">{\"@context\":\"https:\\\/\\\/schema.org\",\"@graph\":[{\"@type\":\"Article\",\"@id\":\"https:\\\/\\\/www.overseas-association.eu\\\/fr\\\/conference-ministerielle-de-locta\\\/#article\",\"isPartOf\":{\"@id\":\"https:\\\/\\\/www.overseas-association.eu\\\/fr\\\/conference-ministerielle-de-locta\\\/\"},\"author\":{\"name\":\"Marta Fern\u00e1ndez Fornieles\",\"@id\":\"https:\\\/\\\/www.overseas-association.eu\\\/fr\\\/#\\\/schema\\\/person\\\/ba93d459c87253e3c8a3dd21e4e00c00\"},\"headline\":\"Conf\u00e9rence Minist\u00e9rielle de l&rsquo;OCTA\",\"datePublished\":\"2020-12-08T11:13:55+00:00\",\"dateModified\":\"2021-04-13T08:45:41+00:00\",\"mainEntityOfPage\":{\"@id\":\"https:\\\/\\\/www.overseas-association.eu\\\/fr\\\/conference-ministerielle-de-locta\\\/\"},\"wordCount\":132,\"publisher\":{\"@id\":\"https:\\\/\\\/www.overseas-association.eu\\\/fr\\\/#organization\"},\"image\":{\"@id\":\"https:\\\/\\\/www.overseas-association.eu\\\/fr\\\/conference-ministerielle-de-locta\\\/#primaryimage\"},\"thumbnailUrl\":\"https:\\\/\\\/www.overseas-association.eu\\\/content\\\/uploads\\\/2020\\\/12\\\/CM-2020.png\",\"articleSection\":[\"ACTUALITE\"],\"inLanguage\":\"fr-FR\"},{\"@type\":\"WebPage\",\"@id\":\"https:\\\/\\\/www.overseas-association.eu\\\/fr\\\/conference-ministerielle-de-locta\\\/\",\"url\":\"https:\\\/\\\/www.overseas-association.eu\\\/fr\\\/conference-ministerielle-de-locta\\\/\",\"name\":\"Conf\u00e9rence Minist\u00e9rielle de l'OCTA - OCTA\",\"isPartOf\":{\"@id\":\"https:\\\/\\\/www.overseas-association.eu\\\/fr\\\/#website\"},\"primaryImageOfPage\":{\"@id\":\"https:\\\/\\\/www.overseas-association.eu\\\/fr\\\/conference-ministerielle-de-locta\\\/#primaryimage\"},\"image\":{\"@id\":\"https:\\\/\\\/www.overseas-association.eu\\\/fr\\\/conference-ministerielle-de-locta\\\/#primaryimage\"},\"thumbnailUrl\":\"https:\\\/\\\/www.overseas-association.eu\\\/content\\\/uploads\\\/2020\\\/12\\\/CM-2020.png\",\"datePublished\":\"2020-12-08T11:13:55+00:00\",\"dateModified\":\"2021-04-13T08:45:41+00:00\",\"breadcrumb\":{\"@id\":\"https:\\\/\\\/www.overseas-association.eu\\\/fr\\\/conference-ministerielle-de-locta\\\/#breadcrumb\"},\"inLanguage\":\"fr-FR\",\"potentialAction\":[{\"@type\":\"ReadAction\",\"target\":[\"https:\\\/\\\/www.overseas-association.eu\\\/fr\\\/conference-ministerielle-de-locta\\\/\"]}]},{\"@type\":\"ImageObject\",\"inLanguage\":\"fr-FR\",\"@id\":\"https:\\\/\\\/www.overseas-association.eu\\\/fr\\\/conference-ministerielle-de-locta\\\/#primaryimage\",\"url\":\"https:\\\/\\\/www.overseas-association.eu\\\/content\\\/uploads\\\/2020\\\/12\\\/CM-2020.png\",\"contentUrl\":\"https:\\\/\\\/www.overseas-association.eu\\\/content\\\/uploads\\\/2020\\\/12\\\/CM-2020.png\",\"width\":1920,\"height\":1080},{\"@type\":\"BreadcrumbList\",\"@id\":\"https:\\\/\\\/www.overseas-association.eu\\\/fr\\\/conference-ministerielle-de-locta\\\/#breadcrumb\",\"itemListElement\":[{\"@type\":\"ListItem\",\"position\":1,\"name\":\"Home\",\"item\":\"https:\\\/\\\/www.overseas-association.eu\\\/fr\\\/\"},{\"@type\":\"ListItem\",\"position\":2,\"name\":\"Conf\u00e9rence Minist\u00e9rielle de l&rsquo;OCTA\"}]},{\"@type\":\"WebSite\",\"@id\":\"https:\\\/\\\/www.overseas-association.eu\\\/fr\\\/#website\",\"url\":\"https:\\\/\\\/www.overseas-association.eu\\\/fr\\\/\",\"name\":\"OCTA\",\"description\":\"Overseas Countries and Territories Association\",\"publisher\":{\"@id\":\"https:\\\/\\\/www.overseas-association.eu\\\/fr\\\/#organization\"},\"potentialAction\":[{\"@type\":\"SearchAction\",\"target\":{\"@type\":\"EntryPoint\",\"urlTemplate\":\"https:\\\/\\\/www.overseas-association.eu\\\/fr\\\/?s={search_term_string}\"},\"query-input\":{\"@type\":\"PropertyValueSpecification\",\"valueRequired\":true,\"valueName\":\"search_term_string\"}}],\"inLanguage\":\"fr-FR\"},{\"@type\":\"Organization\",\"@id\":\"https:\\\/\\\/www.overseas-association.eu\\\/fr\\\/#organization\",\"name\":\"Overseas Countries and Territories Association\",\"url\":\"https:\\\/\\\/www.overseas-association.eu\\\/fr\\\/\",\"logo\":{\"@type\":\"ImageObject\",\"inLanguage\":\"fr-FR\",\"@id\":\"https:\\\/\\\/www.overseas-association.eu\\\/fr\\\/#\\\/schema\\\/logo\\\/image\\\/\",\"url\":\"https:\\\/\\\/www.overseas-association.eu\\\/content\\\/uploads\\\/2021\\\/03\\\/logo.png\",\"contentUrl\":\"https:\\\/\\\/www.overseas-association.eu\\\/content\\\/uploads\\\/2021\\\/03\\\/logo.png\",\"width\":316,\"height\":134,\"caption\":\"Overseas Countries and Territories Association\"},\"image\":{\"@id\":\"https:\\\/\\\/www.overseas-association.eu\\\/fr\\\/#\\\/schema\\\/logo\\\/image\\\/\"}},{\"@type\":\"Person\",\"@id\":\"https:\\\/\\\/www.overseas-association.eu\\\/fr\\\/#\\\/schema\\\/person\\\/ba93d459c87253e3c8a3dd21e4e00c00\",\"name\":\"Marta Fern\u00e1ndez Fornieles\",\"url\":\"https:\\\/\\\/www.overseas-association.eu\\\/fr\\\/author\\\/marta_octa\\\/\"}]}<\/script>\n<!-- \/ Yoast SEO plugin. -->","yoast_head_json":{"title":"Conf\u00e9rence Minist\u00e9rielle de l'OCTA - OCTA","robots":{"index":"index","follow":"follow","max-snippet":"max-snippet:-1","max-image-preview":"max-image-preview:large","max-video-preview":"max-video-preview:-1"},"canonical":"https:\/\/www.overseas-association.eu\/fr\/conference-ministerielle-de-locta\/","og_locale":"fr_FR","og_type":"article","og_title":"Conf\u00e9rence Minist\u00e9rielle de l'OCTA - OCTA","og_description":"Le 8 d\u00e9cembre, la Conf\u00e9rence minist\u00e9rielle de l\u2019OCTA s\u2019est d\u00e9roul\u00e9e virtuellement et a \u00e9t\u00e9 pr\u00e9sid\u00e9e par Cura\u00e7ao. Les membres ont \u00e9chang\u00e9 sur l\u2019impact de la crise dans les PTOM, au cours de cette derni\u00e8re ann\u00e9e de mise en \u0153uvre de la D\u00e9cision d\u2019Association Outre-mer (DAO) de 2013, sur le prochain partenariat r\u00e9vis\u00e9 pour 2021-2027 et [&hellip;]","og_url":"https:\/\/www.overseas-association.eu\/fr\/conference-ministerielle-de-locta\/","og_site_name":"OCTA","article_published_time":"2020-12-08T11:13:55+00:00","article_modified_time":"2021-04-13T08:45:41+00:00","og_image":[{"width":1920,"height":1080,"url":"https:\/\/www.overseas-association.eu\/content\/uploads\/2020\/12\/CM-2020.png","type":"image\/png"}],"author":"Marta Fern\u00e1ndez Fornieles","twitter_card":"summary_large_image","twitter_misc":{"\u00c9crit par":"Marta Fern\u00e1ndez Fornieles","Dur\u00e9e de lecture estim\u00e9e":"1 minute"},"schema":{"@context":"https:\/\/schema.org","@graph":[{"@type":"Article","@id":"https:\/\/www.overseas-association.eu\/fr\/conference-ministerielle-de-locta\/#article","isPartOf":{"@id":"https:\/\/www.overseas-association.eu\/fr\/conference-ministerielle-de-locta\/"},"author":{"name":"Marta Fern\u00e1ndez Fornieles","@id":"https:\/\/www.overseas-association.eu\/fr\/#\/schema\/person\/ba93d459c87253e3c8a3dd21e4e00c00"},"headline":"Conf\u00e9rence Minist\u00e9rielle de l&rsquo;OCTA","datePublished":"2020-12-08T11:13:55+00:00","dateModified":"2021-04-13T08:45:41+00:00","mainEntityOfPage":{"@id":"https:\/\/www.overseas-association.eu\/fr\/conference-ministerielle-de-locta\/"},"wordCount":132,"publisher":{"@id":"https:\/\/www.overseas-association.eu\/fr\/#organization"},"image":{"@id":"https:\/\/www.overseas-association.eu\/fr\/conference-ministerielle-de-locta\/#primaryimage"},"thumbnailUrl":"https:\/\/www.overseas-association.eu\/content\/uploads\/2020\/12\/CM-2020.png","articleSection":["ACTUALITE"],"inLanguage":"fr-FR"},{"@type":"WebPage","@id":"https:\/\/www.overseas-association.eu\/fr\/conference-ministerielle-de-locta\/","url":"https:\/\/www.overseas-association.eu\/fr\/conference-ministerielle-de-locta\/","name":"Conf\u00e9rence Minist\u00e9rielle de l'OCTA - OCTA","isPartOf":{"@id":"https:\/\/www.overseas-association.eu\/fr\/#website"},"primaryImageOfPage":{"@id":"https:\/\/www.overseas-association.eu\/fr\/conference-ministerielle-de-locta\/#primaryimage"},"image":{"@id":"https:\/\/www.overseas-association.eu\/fr\/conference-ministerielle-de-locta\/#primaryimage"},"thumbnailUrl":"https:\/\/www.overseas-association.eu\/content\/uploads\/2020\/12\/CM-2020.png","datePublished":"2020-12-08T11:13:55+00:00","dateModified":"2021-04-13T08:45:41+00:00","breadcrumb":{"@id":"https:\/\/www.overseas-association.eu\/fr\/conference-ministerielle-de-locta\/#breadcrumb"},"inLanguage":"fr-FR","potentialAction":[{"@type":"ReadAction","target":["https:\/\/www.overseas-association.eu\/fr\/conference-ministerielle-de-locta\/"]}]},{"@type":"ImageObject","inLanguage":"fr-FR","@id":"https:\/\/www.overseas-association.eu\/fr\/conference-ministerielle-de-locta\/#primaryimage","url":"https:\/\/www.overseas-association.eu\/content\/uploads\/2020\/12\/CM-2020.png","contentUrl":"https:\/\/www.overseas-association.eu\/content\/uploads\/2020\/12\/CM-2020.png","width":1920,"height":1080},{"@type":"BreadcrumbList","@id":"https:\/\/www.overseas-association.eu\/fr\/conference-ministerielle-de-locta\/#breadcrumb","itemListElement":[{"@type":"ListItem","position":1,"name":"Home","item":"https:\/\/www.overseas-association.eu\/fr\/"},{"@type":"ListItem","position":2,"name":"Conf\u00e9rence Minist\u00e9rielle de l&rsquo;OCTA"}]},{"@type":"WebSite","@id":"https:\/\/www.overseas-association.eu\/fr\/#website","url":"https:\/\/www.overseas-association.eu\/fr\/","name":"OCTA","description":"Overseas Countries and Territories Association","publisher":{"@id":"https:\/\/www.overseas-association.eu\/fr\/#organization"},"potentialAction":[{"@type":"SearchAction","target":{"@type":"EntryPoint","urlTemplate":"https:\/\/www.overseas-association.eu\/fr\/?s={search_term_string}"},"query-input":{"@type":"PropertyValueSpecification","valueRequired":true,"valueName":"search_term_string"}}],"inLanguage":"fr-FR"},{"@type":"Organization","@id":"https:\/\/www.overseas-association.eu\/fr\/#organization","name":"Overseas Countries and Territories Association","url":"https:\/\/www.overseas-association.eu\/fr\/","logo":{"@type":"ImageObject","inLanguage":"fr-FR","@id":"https:\/\/www.overseas-association.eu\/fr\/#\/schema\/logo\/image\/","url":"https:\/\/www.overseas-association.eu\/content\/uploads\/2021\/03\/logo.png","contentUrl":"https:\/\/www.overseas-association.eu\/content\/uploads\/2021\/03\/logo.png","width":316,"height":134,"caption":"Overseas Countries and Territories Association"},"image":{"@id":"https:\/\/www.overseas-association.eu\/fr\/#\/schema\/logo\/image\/"}},{"@type":"Person","@id":"https:\/\/www.overseas-association.eu\/fr\/#\/schema\/person\/ba93d459c87253e3c8a3dd21e4e00c00","name":"Marta Fern\u00e1ndez Fornieles","url":"https:\/\/www.overseas-association.eu\/fr\/author\/marta_octa\/"}]}},"_links":{"self":[{"href":"https:\/\/www.overseas-association.eu\/fr\/wp-json\/wp\/v2\/posts\/4065","targetHints":{"allow":["GET"]}}],"collection":[{"href":"https:\/\/www.overseas-association.eu\/fr\/wp-json\/wp\/v2\/posts"}],"about":[{"href":"https:\/\/www.overseas-association.eu\/fr\/wp-json\/wp\/v2\/types\/post"}],"author":[{"embeddable":true,"href":"https:\/\/www.overseas-association.eu\/fr\/wp-json\/wp\/v2\/users\/5"}],"replies":[{"embeddable":true,"href":"https:\/\/www.overseas-association.eu\/fr\/wp-json\/wp\/v2\/comments?post=4065"}],"version-history":[{"count":0,"href":"https:\/\/www.overseas-association.eu\/fr\/wp-json\/wp\/v2\/posts\/4065\/revisions"}],"wp:featuredmedia":[{"embeddable":true,"href":"https:\/\/www.overseas-association.eu\/fr\/wp-json\/wp\/v2\/media\/4412"}],"wp:attachment":[{"href":"https:\/\/www.overseas-association.eu\/fr\/wp-json\/wp\/v2\/media?parent=4065"}],"wp:term":[{"taxonomy":"category","embeddable":true,"href":"https:\/\/www.overseas-association.eu\/fr\/wp-json\/wp\/v2\/categories?post=4065"},{"taxonomy":"post_tag","embeddable":true,"href":"https:\/\/www.overseas-association.eu\/fr\/wp-json\/wp\/v2\/tags?post=4065"},{"taxonomy":"event_type","embeddable":true,"href":"https:\/\/www.overseas-association.eu\/fr\/wp-json\/wp\/v2\/event_type?post=4065"}],"curies":[{"name":"wp","href":"https:\/\/api.w.org\/{rel}","templated":true}]}}