{"id":12764,"date":"2021-05-25T17:59:06","date_gmt":"2021-05-25T15:59:06","guid":{"rendered":"https:\/\/www.overseas-association.eu\/?p=12764"},"modified":"2021-05-25T18:00:20","modified_gmt":"2021-05-25T16:00:20","slug":"conference-europeenne-sur-ladaptation-au-changement-climatique-ecca-2021","status":"publish","type":"post","link":"https:\/\/www.overseas-association.eu\/fr\/conference-europeenne-sur-ladaptation-au-changement-climatique-ecca-2021\/","title":{"rendered":"Conf\u00e9rence europ\u00e9enne sur l&rsquo;adaptation au changement climatique (ECCA) 2021"},"content":{"rendered":"<p style=\"text-align: justify;\">L&rsquo;ECCA est le principal \u00e9v\u00e9nement en Europe consacr\u00e9 \u00e0 l&rsquo;adaptation au changement climatique. L&rsquo;\u00e9dition 2021 sera un \u00e9v\u00e9nement virtuel, combinant une s\u00e9rie de webinaires sur les d\u00e9fis urgents de l&rsquo;adaptation au changement climatique du <strong>25 mai au 10 juin<\/strong>, qui alimenteront une conf\u00e9rence de haut niveau le mardi <strong>22 juin<\/strong>.<\/p>\n<p style=\"text-align: justify;\">Webinaires pr\u00e9vus :<\/p>\n<ul>\n<li style=\"text-align: justify;\"><strong>25 mai 2021<\/strong> &#8211; Financement de l&rsquo;action climatique : des investissements \u00e0 l&rsquo;\u00e9preuve du climat \u00e0 la mobilisation des fonds<\/li>\n<li style=\"text-align: justify;\"><strong>26 mai 2021<\/strong> &#8211; Changement climatique et sant\u00e9 : promouvoir le bien-\u00eatre par l&rsquo;action climatique<\/li>\n<li style=\"text-align: justify;\"><strong>27 mai 2021<\/strong> &#8211; La nature comme solution pour la r\u00e9silience, l&rsquo;att\u00e9nuation et le d\u00e9veloppement durable<\/li>\n<li style=\"text-align: justify;\"><strong>31 mai 2021<\/strong> &#8211; Vue \u00e0 360\u00b0 des impacts climatiques : vivre l&rsquo;avenir pour planifier l&rsquo;adaptation<\/li>\n<li style=\"text-align: justify;\"><strong>1er juin 2021<\/strong> &#8211; Faire face \u00e0 l&rsquo;\u00e9l\u00e9vation du niveau de la mer : strat\u00e9gies pour les communaut\u00e9s c\u00f4ti\u00e8res et insulaires<\/li>\n<li style=\"text-align: justify;\"><strong>7 juin 2021<\/strong> &#8211; \u00c9change sur l&rsquo;action climatique : partager les connaissances et l&rsquo;exp\u00e9rience de ce qui fonctionne et ne fonctionne pas encore dans l&rsquo;UE<\/li>\n<li style=\"text-align: justify;\"><strong>8 juin 2021<\/strong> &#8211; \u00c0 votre service : la connaissance et l&rsquo;information sur le climat en tant qu&rsquo;instruments de l&rsquo;action climatique<\/li>\n<li style=\"text-align: justify;\"><strong>9 juin 2021<\/strong> &#8211; Agir localement : engagement des citoyens et mobilisation des communaut\u00e9s<\/li>\n<li style=\"text-align: justify;\"><strong>10 juin 2021<\/strong> &#8211; Reconstruire en mieux : Le r\u00e9tablissement du COVID, le renforcement de la r\u00e9silience et la transformation soci\u00e9tale<\/li>\n<\/ul>\n<p>Pour plus d&rsquo;informations : <a href=\"https:\/\/ec.europa.eu\/info\/events\/ecca-2021-webinar-series-climate-change-adaptation_en\" target=\"_blank\" rel=\"noopener\">https:\/\/ec.europa.eu\/info\/events\/ecca-2021-webinar-series-climate-change-adaptation_en<\/a><\/p>\n","protected":false},"excerpt":{"rendered":"<p>L&rsquo;ECCA est le principal \u00e9v\u00e9nement en Europe consacr\u00e9 \u00e0 l&rsquo;adaptation au changement climatique. L&rsquo;\u00e9dition 2021 sera un \u00e9v\u00e9nement virtuel, combinant une s\u00e9rie de webinaires sur les d\u00e9fis urgents de l&rsquo;adaptation au changement climatique du 25 mai au 10 juin, qui alimenteront une conf\u00e9rence de haut niveau le mardi 22 juin. Webinaires pr\u00e9vus : 25 mai [&hellip;]<\/p>\n","protected":false},"author":5,"featured_media":12765,"comment_status":"closed","ping_status":"closed","sticky":false,"template":"","format":"standard","meta":{"_acf_changed":false,"footnotes":""},"categories":[239],"tags":[],"event_type":[],"class_list":["post-12764","post","type-post","status-publish","format-standard","has-post-thumbnail","hentry","category-news"],"acf":[],"yoast_head":"<!-- This site is optimized with the Yoast SEO plugin v27.5 - https:\/\/yoast.com\/product\/yoast-seo-wordpress\/ -->\n<title>Conf\u00e9rence europ\u00e9enne sur l&#039;adaptation au changement climatique (ECCA) 2021 - OCTA<\/title>\n<meta name=\"robots\" content=\"index, follow, max-snippet:-1, max-image-preview:large, max-video-preview:-1\" \/>\n<link rel=\"canonical\" href=\"https:\/\/www.overseas-association.eu\/fr\/conference-europeenne-sur-ladaptation-au-changement-climatique-ecca-2021\/\" \/>\n<meta property=\"og:locale\" content=\"fr_FR\" \/>\n<meta property=\"og:type\" content=\"article\" \/>\n<meta property=\"og:title\" content=\"Conf\u00e9rence europ\u00e9enne sur l&#039;adaptation au changement climatique (ECCA) 2021 - OCTA\" \/>\n<meta property=\"og:description\" content=\"L&rsquo;ECCA est le principal \u00e9v\u00e9nement en Europe consacr\u00e9 \u00e0 l&rsquo;adaptation au changement climatique. L&rsquo;\u00e9dition 2021 sera un \u00e9v\u00e9nement virtuel, combinant une s\u00e9rie de webinaires sur les d\u00e9fis urgents de l&rsquo;adaptation au changement climatique du 25 mai au 10 juin, qui alimenteront une conf\u00e9rence de haut niveau le mardi 22 juin. Webinaires pr\u00e9vus : 25 mai [&hellip;]\" \/>\n<meta property=\"og:url\" content=\"https:\/\/www.overseas-association.eu\/fr\/conference-europeenne-sur-ladaptation-au-changement-climatique-ecca-2021\/\" \/>\n<meta property=\"og:site_name\" content=\"OCTA\" \/>\n<meta property=\"article:published_time\" content=\"2021-05-25T15:59:06+00:00\" \/>\n<meta property=\"article:modified_time\" content=\"2021-05-25T16:00:20+00:00\" \/>\n<meta property=\"og:image\" content=\"https:\/\/www.overseas-association.eu\/content\/uploads\/2021\/05\/News-ECCA-fr.png\" \/>\n\t<meta property=\"og:image:width\" content=\"1747\" \/>\n\t<meta property=\"og:image:height\" content=\"1240\" \/>\n\t<meta property=\"og:image:type\" content=\"image\/png\" \/>\n<meta name=\"author\" content=\"Marta Fern\u00e1ndez Fornieles\" \/>\n<meta name=\"twitter:card\" content=\"summary_large_image\" \/>\n<meta name=\"twitter:label1\" content=\"\u00c9crit par\" \/>\n\t<meta name=\"twitter:data1\" content=\"Marta Fern\u00e1ndez Fornieles\" \/>\n\t<meta name=\"twitter:label2\" content=\"Dur\u00e9e de lecture estim\u00e9e\" \/>\n\t<meta name=\"twitter:data2\" content=\"1 minute\" \/>\n<script type=\"application\/ld+json\" class=\"yoast-schema-graph\">{\"@context\":\"https:\\\/\\\/schema.org\",\"@graph\":[{\"@type\":\"Article\",\"@id\":\"https:\\\/\\\/www.overseas-association.eu\\\/fr\\\/conference-europeenne-sur-ladaptation-au-changement-climatique-ecca-2021\\\/#article\",\"isPartOf\":{\"@id\":\"https:\\\/\\\/www.overseas-association.eu\\\/fr\\\/conference-europeenne-sur-ladaptation-au-changement-climatique-ecca-2021\\\/\"},\"author\":{\"name\":\"Marta Fern\u00e1ndez Fornieles\",\"@id\":\"https:\\\/\\\/www.overseas-association.eu\\\/fr\\\/#\\\/schema\\\/person\\\/ba93d459c87253e3c8a3dd21e4e00c00\"},\"headline\":\"Conf\u00e9rence europ\u00e9enne sur l&rsquo;adaptation au changement climatique (ECCA) 2021\",\"datePublished\":\"2021-05-25T15:59:06+00:00\",\"dateModified\":\"2021-05-25T16:00:20+00:00\",\"mainEntityOfPage\":{\"@id\":\"https:\\\/\\\/www.overseas-association.eu\\\/fr\\\/conference-europeenne-sur-ladaptation-au-changement-climatique-ecca-2021\\\/\"},\"wordCount\":246,\"publisher\":{\"@id\":\"https:\\\/\\\/www.overseas-association.eu\\\/fr\\\/#organization\"},\"image\":{\"@id\":\"https:\\\/\\\/www.overseas-association.eu\\\/fr\\\/conference-europeenne-sur-ladaptation-au-changement-climatique-ecca-2021\\\/#primaryimage\"},\"thumbnailUrl\":\"https:\\\/\\\/www.overseas-association.eu\\\/content\\\/uploads\\\/2021\\\/05\\\/News-ECCA-fr.png\",\"articleSection\":[\"ACTUALITE\"],\"inLanguage\":\"fr-FR\"},{\"@type\":\"WebPage\",\"@id\":\"https:\\\/\\\/www.overseas-association.eu\\\/fr\\\/conference-europeenne-sur-ladaptation-au-changement-climatique-ecca-2021\\\/\",\"url\":\"https:\\\/\\\/www.overseas-association.eu\\\/fr\\\/conference-europeenne-sur-ladaptation-au-changement-climatique-ecca-2021\\\/\",\"name\":\"Conf\u00e9rence europ\u00e9enne sur l'adaptation au changement climatique (ECCA) 2021 - OCTA\",\"isPartOf\":{\"@id\":\"https:\\\/\\\/www.overseas-association.eu\\\/fr\\\/#website\"},\"primaryImageOfPage\":{\"@id\":\"https:\\\/\\\/www.overseas-association.eu\\\/fr\\\/conference-europeenne-sur-ladaptation-au-changement-climatique-ecca-2021\\\/#primaryimage\"},\"image\":{\"@id\":\"https:\\\/\\\/www.overseas-association.eu\\\/fr\\\/conference-europeenne-sur-ladaptation-au-changement-climatique-ecca-2021\\\/#primaryimage\"},\"thumbnailUrl\":\"https:\\\/\\\/www.overseas-association.eu\\\/content\\\/uploads\\\/2021\\\/05\\\/News-ECCA-fr.png\",\"datePublished\":\"2021-05-25T15:59:06+00:00\",\"dateModified\":\"2021-05-25T16:00:20+00:00\",\"breadcrumb\":{\"@id\":\"https:\\\/\\\/www.overseas-association.eu\\\/fr\\\/conference-europeenne-sur-ladaptation-au-changement-climatique-ecca-2021\\\/#breadcrumb\"},\"inLanguage\":\"fr-FR\",\"potentialAction\":[{\"@type\":\"ReadAction\",\"target\":[\"https:\\\/\\\/www.overseas-association.eu\\\/fr\\\/conference-europeenne-sur-ladaptation-au-changement-climatique-ecca-2021\\\/\"]}]},{\"@type\":\"ImageObject\",\"inLanguage\":\"fr-FR\",\"@id\":\"https:\\\/\\\/www.overseas-association.eu\\\/fr\\\/conference-europeenne-sur-ladaptation-au-changement-climatique-ecca-2021\\\/#primaryimage\",\"url\":\"https:\\\/\\\/www.overseas-association.eu\\\/content\\\/uploads\\\/2021\\\/05\\\/News-ECCA-fr.png\",\"contentUrl\":\"https:\\\/\\\/www.overseas-association.eu\\\/content\\\/uploads\\\/2021\\\/05\\\/News-ECCA-fr.png\",\"width\":1747,\"height\":1240},{\"@type\":\"BreadcrumbList\",\"@id\":\"https:\\\/\\\/www.overseas-association.eu\\\/fr\\\/conference-europeenne-sur-ladaptation-au-changement-climatique-ecca-2021\\\/#breadcrumb\",\"itemListElement\":[{\"@type\":\"ListItem\",\"position\":1,\"name\":\"Home\",\"item\":\"https:\\\/\\\/www.overseas-association.eu\\\/fr\\\/\"},{\"@type\":\"ListItem\",\"position\":2,\"name\":\"Conf\u00e9rence europ\u00e9enne sur l&rsquo;adaptation au changement climatique (ECCA) 2021\"}]},{\"@type\":\"WebSite\",\"@id\":\"https:\\\/\\\/www.overseas-association.eu\\\/fr\\\/#website\",\"url\":\"https:\\\/\\\/www.overseas-association.eu\\\/fr\\\/\",\"name\":\"OCTA\",\"description\":\"Overseas Countries and Territories Association\",\"publisher\":{\"@id\":\"https:\\\/\\\/www.overseas-association.eu\\\/fr\\\/#organization\"},\"potentialAction\":[{\"@type\":\"SearchAction\",\"target\":{\"@type\":\"EntryPoint\",\"urlTemplate\":\"https:\\\/\\\/www.overseas-association.eu\\\/fr\\\/?s={search_term_string}\"},\"query-input\":{\"@type\":\"PropertyValueSpecification\",\"valueRequired\":true,\"valueName\":\"search_term_string\"}}],\"inLanguage\":\"fr-FR\"},{\"@type\":\"Organization\",\"@id\":\"https:\\\/\\\/www.overseas-association.eu\\\/fr\\\/#organization\",\"name\":\"Overseas Countries and Territories Association\",\"url\":\"https:\\\/\\\/www.overseas-association.eu\\\/fr\\\/\",\"logo\":{\"@type\":\"ImageObject\",\"inLanguage\":\"fr-FR\",\"@id\":\"https:\\\/\\\/www.overseas-association.eu\\\/fr\\\/#\\\/schema\\\/logo\\\/image\\\/\",\"url\":\"https:\\\/\\\/www.overseas-association.eu\\\/content\\\/uploads\\\/2021\\\/03\\\/logo.png\",\"contentUrl\":\"https:\\\/\\\/www.overseas-association.eu\\\/content\\\/uploads\\\/2021\\\/03\\\/logo.png\",\"width\":316,\"height\":134,\"caption\":\"Overseas Countries and Territories Association\"},\"image\":{\"@id\":\"https:\\\/\\\/www.overseas-association.eu\\\/fr\\\/#\\\/schema\\\/logo\\\/image\\\/\"}},{\"@type\":\"Person\",\"@id\":\"https:\\\/\\\/www.overseas-association.eu\\\/fr\\\/#\\\/schema\\\/person\\\/ba93d459c87253e3c8a3dd21e4e00c00\",\"name\":\"Marta Fern\u00e1ndez Fornieles\",\"url\":\"https:\\\/\\\/www.overseas-association.eu\\\/fr\\\/author\\\/marta_octa\\\/\"}]}<\/script>\n<!-- \/ Yoast SEO plugin. -->","yoast_head_json":{"title":"Conf\u00e9rence europ\u00e9enne sur l'adaptation au changement climatique (ECCA) 2021 - OCTA","robots":{"index":"index","follow":"follow","max-snippet":"max-snippet:-1","max-image-preview":"max-image-preview:large","max-video-preview":"max-video-preview:-1"},"canonical":"https:\/\/www.overseas-association.eu\/fr\/conference-europeenne-sur-ladaptation-au-changement-climatique-ecca-2021\/","og_locale":"fr_FR","og_type":"article","og_title":"Conf\u00e9rence europ\u00e9enne sur l'adaptation au changement climatique (ECCA) 2021 - OCTA","og_description":"L&rsquo;ECCA est le principal \u00e9v\u00e9nement en Europe consacr\u00e9 \u00e0 l&rsquo;adaptation au changement climatique. L&rsquo;\u00e9dition 2021 sera un \u00e9v\u00e9nement virtuel, combinant une s\u00e9rie de webinaires sur les d\u00e9fis urgents de l&rsquo;adaptation au changement climatique du 25 mai au 10 juin, qui alimenteront une conf\u00e9rence de haut niveau le mardi 22 juin. Webinaires pr\u00e9vus : 25 mai [&hellip;]","og_url":"https:\/\/www.overseas-association.eu\/fr\/conference-europeenne-sur-ladaptation-au-changement-climatique-ecca-2021\/","og_site_name":"OCTA","article_published_time":"2021-05-25T15:59:06+00:00","article_modified_time":"2021-05-25T16:00:20+00:00","og_image":[{"width":1747,"height":1240,"url":"https:\/\/www.overseas-association.eu\/content\/uploads\/2021\/05\/News-ECCA-fr.png","type":"image\/png"}],"author":"Marta Fern\u00e1ndez Fornieles","twitter_card":"summary_large_image","twitter_misc":{"\u00c9crit par":"Marta Fern\u00e1ndez Fornieles","Dur\u00e9e de lecture estim\u00e9e":"1 minute"},"schema":{"@context":"https:\/\/schema.org","@graph":[{"@type":"Article","@id":"https:\/\/www.overseas-association.eu\/fr\/conference-europeenne-sur-ladaptation-au-changement-climatique-ecca-2021\/#article","isPartOf":{"@id":"https:\/\/www.overseas-association.eu\/fr\/conference-europeenne-sur-ladaptation-au-changement-climatique-ecca-2021\/"},"author":{"name":"Marta Fern\u00e1ndez Fornieles","@id":"https:\/\/www.overseas-association.eu\/fr\/#\/schema\/person\/ba93d459c87253e3c8a3dd21e4e00c00"},"headline":"Conf\u00e9rence europ\u00e9enne sur l&rsquo;adaptation au changement climatique (ECCA) 2021","datePublished":"2021-05-25T15:59:06+00:00","dateModified":"2021-05-25T16:00:20+00:00","mainEntityOfPage":{"@id":"https:\/\/www.overseas-association.eu\/fr\/conference-europeenne-sur-ladaptation-au-changement-climatique-ecca-2021\/"},"wordCount":246,"publisher":{"@id":"https:\/\/www.overseas-association.eu\/fr\/#organization"},"image":{"@id":"https:\/\/www.overseas-association.eu\/fr\/conference-europeenne-sur-ladaptation-au-changement-climatique-ecca-2021\/#primaryimage"},"thumbnailUrl":"https:\/\/www.overseas-association.eu\/content\/uploads\/2021\/05\/News-ECCA-fr.png","articleSection":["ACTUALITE"],"inLanguage":"fr-FR"},{"@type":"WebPage","@id":"https:\/\/www.overseas-association.eu\/fr\/conference-europeenne-sur-ladaptation-au-changement-climatique-ecca-2021\/","url":"https:\/\/www.overseas-association.eu\/fr\/conference-europeenne-sur-ladaptation-au-changement-climatique-ecca-2021\/","name":"Conf\u00e9rence europ\u00e9enne sur l'adaptation au changement climatique (ECCA) 2021 - OCTA","isPartOf":{"@id":"https:\/\/www.overseas-association.eu\/fr\/#website"},"primaryImageOfPage":{"@id":"https:\/\/www.overseas-association.eu\/fr\/conference-europeenne-sur-ladaptation-au-changement-climatique-ecca-2021\/#primaryimage"},"image":{"@id":"https:\/\/www.overseas-association.eu\/fr\/conference-europeenne-sur-ladaptation-au-changement-climatique-ecca-2021\/#primaryimage"},"thumbnailUrl":"https:\/\/www.overseas-association.eu\/content\/uploads\/2021\/05\/News-ECCA-fr.png","datePublished":"2021-05-25T15:59:06+00:00","dateModified":"2021-05-25T16:00:20+00:00","breadcrumb":{"@id":"https:\/\/www.overseas-association.eu\/fr\/conference-europeenne-sur-ladaptation-au-changement-climatique-ecca-2021\/#breadcrumb"},"inLanguage":"fr-FR","potentialAction":[{"@type":"ReadAction","target":["https:\/\/www.overseas-association.eu\/fr\/conference-europeenne-sur-ladaptation-au-changement-climatique-ecca-2021\/"]}]},{"@type":"ImageObject","inLanguage":"fr-FR","@id":"https:\/\/www.overseas-association.eu\/fr\/conference-europeenne-sur-ladaptation-au-changement-climatique-ecca-2021\/#primaryimage","url":"https:\/\/www.overseas-association.eu\/content\/uploads\/2021\/05\/News-ECCA-fr.png","contentUrl":"https:\/\/www.overseas-association.eu\/content\/uploads\/2021\/05\/News-ECCA-fr.png","width":1747,"height":1240},{"@type":"BreadcrumbList","@id":"https:\/\/www.overseas-association.eu\/fr\/conference-europeenne-sur-ladaptation-au-changement-climatique-ecca-2021\/#breadcrumb","itemListElement":[{"@type":"ListItem","position":1,"name":"Home","item":"https:\/\/www.overseas-association.eu\/fr\/"},{"@type":"ListItem","position":2,"name":"Conf\u00e9rence europ\u00e9enne sur l&rsquo;adaptation au changement climatique (ECCA) 2021"}]},{"@type":"WebSite","@id":"https:\/\/www.overseas-association.eu\/fr\/#website","url":"https:\/\/www.overseas-association.eu\/fr\/","name":"OCTA","description":"Overseas Countries and Territories Association","publisher":{"@id":"https:\/\/www.overseas-association.eu\/fr\/#organization"},"potentialAction":[{"@type":"SearchAction","target":{"@type":"EntryPoint","urlTemplate":"https:\/\/www.overseas-association.eu\/fr\/?s={search_term_string}"},"query-input":{"@type":"PropertyValueSpecification","valueRequired":true,"valueName":"search_term_string"}}],"inLanguage":"fr-FR"},{"@type":"Organization","@id":"https:\/\/www.overseas-association.eu\/fr\/#organization","name":"Overseas Countries and Territories Association","url":"https:\/\/www.overseas-association.eu\/fr\/","logo":{"@type":"ImageObject","inLanguage":"fr-FR","@id":"https:\/\/www.overseas-association.eu\/fr\/#\/schema\/logo\/image\/","url":"https:\/\/www.overseas-association.eu\/content\/uploads\/2021\/03\/logo.png","contentUrl":"https:\/\/www.overseas-association.eu\/content\/uploads\/2021\/03\/logo.png","width":316,"height":134,"caption":"Overseas Countries and Territories Association"},"image":{"@id":"https:\/\/www.overseas-association.eu\/fr\/#\/schema\/logo\/image\/"}},{"@type":"Person","@id":"https:\/\/www.overseas-association.eu\/fr\/#\/schema\/person\/ba93d459c87253e3c8a3dd21e4e00c00","name":"Marta Fern\u00e1ndez Fornieles","url":"https:\/\/www.overseas-association.eu\/fr\/author\/marta_octa\/"}]}},"_links":{"self":[{"href":"https:\/\/www.overseas-association.eu\/fr\/wp-json\/wp\/v2\/posts\/12764","targetHints":{"allow":["GET"]}}],"collection":[{"href":"https:\/\/www.overseas-association.eu\/fr\/wp-json\/wp\/v2\/posts"}],"about":[{"href":"https:\/\/www.overseas-association.eu\/fr\/wp-json\/wp\/v2\/types\/post"}],"author":[{"embeddable":true,"href":"https:\/\/www.overseas-association.eu\/fr\/wp-json\/wp\/v2\/users\/5"}],"replies":[{"embeddable":true,"href":"https:\/\/www.overseas-association.eu\/fr\/wp-json\/wp\/v2\/comments?post=12764"}],"version-history":[{"count":0,"href":"https:\/\/www.overseas-association.eu\/fr\/wp-json\/wp\/v2\/posts\/12764\/revisions"}],"wp:featuredmedia":[{"embeddable":true,"href":"https:\/\/www.overseas-association.eu\/fr\/wp-json\/wp\/v2\/media\/12765"}],"wp:attachment":[{"href":"https:\/\/www.overseas-association.eu\/fr\/wp-json\/wp\/v2\/media?parent=12764"}],"wp:term":[{"taxonomy":"category","embeddable":true,"href":"https:\/\/www.overseas-association.eu\/fr\/wp-json\/wp\/v2\/categories?post=12764"},{"taxonomy":"post_tag","embeddable":true,"href":"https:\/\/www.overseas-association.eu\/fr\/wp-json\/wp\/v2\/tags?post=12764"},{"taxonomy":"event_type","embeddable":true,"href":"https:\/\/www.overseas-association.eu\/fr\/wp-json\/wp\/v2\/event_type?post=12764"}],"curies":[{"name":"wp","href":"https:\/\/api.w.org\/{rel}","templated":true}]}}